{"id":1343,"date":"2026-01-21T11:23:09","date_gmt":"2026-01-21T14:23:09","guid":{"rendered":"https:\/\/fonasa.mindy.cl\/blog\/?p=1343"},"modified":"2026-03-25T11:41:56","modified_gmt":"2026-03-25T14:41:56","slug":"fobias-sociales","status":"publish","type":"post","link":"https:\/\/fonasa.mindy.cl\/blog\/fobias-sociales\/","title":{"rendered":"Fobias sociales: Supera el miedo al juicio y conecta m\u00e1s"},"content":{"rendered":"\n<p>\u00bfAlguna vez has sentido que todos los ojos en una habitaci\u00f3n est\u00e1n puestos en ti, juzgando cada uno de tus movimientos? Esa sensaci\u00f3n de vulnerabilidad extrema, acompa\u00f1ada de un nudo en el est\u00f3mago y el deseo irrefrenable de huir, es una experiencia com\u00fan para quienes viven con <strong>fobias sociales<\/strong>. Este trastorno no se trata simplemente de una timidez profunda o de ser una persona reservada; es una barrera invisible pero poderosa que condiciona el desarrollo profesional, acad\u00e9mico y personal. <\/p>\n\n\n\n<p>Al leer este art\u00edculo, comprender\u00e1s los mecanismos profundos que sostienen este temor, aprender\u00e1s a diferenciar los s\u00edntomas de una preocupaci\u00f3n normal y descubrir\u00e1s estrategias basadas en evidencia cient\u00edfica para recuperar el control sobre tu vida social. Nuestro objetivo es brindarte claridad y herramientas pr\u00e1cticas, entendiendo que la salud mental es la base para una vida plena y conectada.<\/p>\n\n\n\n<h2 class=\"wp-block-heading has-x-large-font-size\">\u00bfQu\u00e9 son realmente las fobias sociales y c\u00f3mo afectan tu vida?<\/h2>\n\n\n\n<p>Para entender este concepto, debemos alejarnos de la idea de que la persona afectada &#8220;solo es t\u00edmida&#8221;. Las <strong>fobias sociales<\/strong>, t\u00e9cnicamente conocidas como <strong><a href=\"https:\/\/fonasa.mindy.cl\/blog\/trastorno-de-ansiedad-social\/\">Trastorno de Ansiedad Social<\/a><\/strong>, implican un miedo persistente e irracional a situaciones que involucran la interacci\u00f3n con otros o la posibilidad de ser observado. La ra\u00edz de este problema reside en el <strong>temor al juicio negativo<\/strong>, la humillaci\u00f3n o el rechazo. No es que el individuo no quiera socializar; a menudo desea conectar con los dem\u00e1s, pero la ansiedad que experimenta es tan abrumadora que el sistema de defensa del cuerpo se activa como si estuviera frente a un peligro f\u00edsico real. Para conocer mas acerca de si <strong><a href=\"https:\/\/fonasa.mindy.cl\/blog\/la-ansiedad-es-una-enfermedad\/\">la ansiedad es una enfermedad<\/a><\/strong>, te recomendamos este articulo de nuestro blog.<\/p>\n\n\n\n<p>El impacto de este trastorno es transversal. En el \u00e1mbito laboral, una persona puede evitar ascensos para no tener que liderar reuniones o exponer ante un p\u00fablico. En la educaci\u00f3n, los estudiantes pueden ver mermado su rendimiento al no participar en clases o evitar trabajos grupales. A nivel personal, la soledad suele convertirse en una compa\u00f1era constante, no por elecci\u00f3n, sino por la <strong>evitaci\u00f3n defensiva<\/strong> de las situaciones que generan malestar. Los estudios demuestran que, sin un tratamiento adecuado, este cuadro tiende a volverse cr\u00f3nico, limitando dr\u00e1sticamente el potencial de quien lo padece.<\/p>\n\n\n\n<p>Es fundamental comprender que este miedo no aparece por falta de voluntad. Se trata de una condici\u00f3n psicol\u00f3gica compleja donde la <strong>autoestima<\/strong> y la percepci\u00f3n del entorno est\u00e1n distorsionadas. La persona se ve a s\u00ed misma como alguien socialmente incompetente, mientras percibe a los dem\u00e1s como jueces implacables y altamente cr\u00edticos. Esta brecha entre la realidad y la percepci\u00f3n subjetiva es lo que la terapia busca cerrar, permitiendo que el individuo se relacione desde la seguridad y no desde el p\u00e1nico.<\/p>\n\n\n\n<h3 class=\"wp-block-heading has-large-font-size\">Diferencia entre timidez y fobias sociales<\/h3>\n\n\n\n<p>Es com\u00fan que las personas confundan ambos conceptos, pero existen diferencias cl\u00ednicas marcadas que es necesario resaltar para buscar la ayuda correcta. Mientras que una persona t\u00edmida puede sentirse inc\u00f3moda al principio pero luego se adapta a la situaci\u00f3n, alguien con un trastorno cl\u00ednico experimenta un malestar que precede al evento (ansiedad anticipatoria) y que persiste mucho despu\u00e9s de que este ha terminado (procesamiento post-evento).<\/p>\n\n\n\n<ol start=\"1\">\n<li><strong>Intensidad del malestar:<\/strong> La timidez es un rasgo de personalidad que no suele paralizar; las patolog\u00edas cl\u00ednicas generan una respuesta fisiol\u00f3gica desproporcionada.<\/li>\n\n\n\n<li><strong>Grado de interferencia:<\/strong> Si el miedo te impide ir a trabajar, estudiar o hacer tr\u00e1mites b\u00e1sicos, estamos frente a un cuadro cl\u00ednico.<\/li>\n\n\n\n<li><strong>Persistencia en el tiempo:<\/strong> La incomodidad situacional es normal, pero si el temor dura m\u00e1s de seis meses y ocurre en casi todas las interacciones, es una se\u00f1al de alerta.<\/li>\n\n\n\n<li><strong>Respuesta de evitaci\u00f3n:<\/strong> El rasgo distintivo es el esfuerzo activo por evitar situaciones sociales a toda costa, incluso si esto implica p\u00e9rdidas importantes en la vida del sujeto.<\/li>\n<\/ol>\n\n\n\n<h2 class=\"wp-block-heading has-x-large-font-size\">La ciencia detr\u00e1s de las fobias sociales: Una mirada al cerebro<\/h2>\n\n\n\n<figure class=\"wp-block-image size-full\"><img loading=\"lazy\" decoding=\"async\" width=\"2000\" height=\"2000\" src=\"https:\/\/fonasa.mindy.cl\/blog\/wp-content\/uploads\/2026\/01\/8806361_4010402.jpg\" alt=\"Fobias sociales\" class=\"wp-image-1346\"\/><\/figure>\n\n\n\n<p>Desde una perspectiva neurobiol\u00f3gica, este trastorno no es una invenci\u00f3n de la mente, sino una respuesta coordinada de estructuras cerebrales espec\u00edficas. La gran protagonista es la <strong>am\u00edgdala<\/strong>, una peque\u00f1a estructura en forma de almendra que act\u00faa como el centro de mando de nuestras emociones y el sistema de alarma ante el peligro. En las personas que experimentan <strong>fobias sociales<\/strong>, la am\u00edgdala se muestra hiperactiva. Esto significa que percibe una cara neutra o un simple comentario como una amenaza directa, disparando una cascada de hormonas como el <strong>cortisol<\/strong> y la adrenalina.<\/p>\n\n\n\n<p>A la par de esta hiperactividad, encontramos que el <strong>c\u00f3rtex prefrontal<\/strong>, la parte del cerebro encargada de la l\u00f3gica y la regulaci\u00f3n emocional, tiene dificultades para &#8220;calmar&#8221; a la am\u00edgdala. Es como si el freno del auto no funcionara correctamente mientras el motor est\u00e1 a m\u00e1xima velocidad. Esta explicaci\u00f3n cient\u00edfica nos ayuda a entender por qu\u00e9 no basta con decirse a uno mismo &#8220;no pasa nada&#8221;; el cerebro est\u00e1 procesando la situaci\u00f3n como una emergencia de supervivencia. La investigaci\u00f3n indica que esta sensibilidad puede tener or\u00edgenes gen\u00e9ticos, pero tambi\u00e9n se moldea a trav\u00e9s de experiencias de aprendizaje o traumas sociales en la infancia.<\/p>\n\n\n\n<h3 class=\"wp-block-heading has-large-font-size\">El papel de los neurotransmisores<\/h3>\n\n\n\n<p>Adem\u00e1s de las estructuras f\u00edsicas, el equilibrio qu\u00edmico del cerebro juega un papel crucial. Se ha observado que existen alteraciones en la regulaci\u00f3n de la <strong>serotonina<\/strong>, el neurotransmisor que ayuda a controlar el estado de \u00e1nimo, y de la dopamina, vinculada a la recompensa y el placer social. Cuando estos mensajeros qu\u00edmicos no funcionan de manera \u00f3ptima, el individuo se vuelve m\u00e1s vulnerable a la ansiedad y tiene menos herramientas biol\u00f3gicas para enfrentar el estr\u00e9s interpersonal.<\/p>\n\n\n\n<h3 class=\"wp-block-heading has-large-font-size\">La teor\u00eda de la evoluci\u00f3n y la pertenencia<\/h3>\n\n\n\n<p>Desde un punto de vista evolutivo, el miedo al rechazo social ten\u00eda una funci\u00f3n de supervivencia. Para nuestros ancestros, ser expulsado de la tribu significaba una muerte casi segura. Por lo tanto, el cerebro desarroll\u00f3 una sensibilidad especial para detectar se\u00f1ales de desaprobaci\u00f3n. En el caso de los trastornos de ansiedad, este mecanismo ancestral se vuelve <strong>disfuncional y exagerado<\/strong>, reaccionando ante una presentaci\u00f3n de trabajo con la misma intensidad que si estuvi\u00e9ramos frente a un depredador en la selva.<\/p>\n\n\n\n<h2 class=\"wp-block-heading has-x-large-font-size\">S\u00edntomas y se\u00f1ales de alerta de las fobias sociales<\/h2>\n\n\n\n<p>Reconocer los s\u00edntomas es el primer paso hacia la recuperaci\u00f3n. Las manifestaciones de las <strong>fobias sociales<\/strong> se dividen en tres grandes grupos: f\u00edsicos, cognitivos y conductuales. Los s\u00edntomas f\u00edsicos son a menudo los m\u00e1s evidentes y los que m\u00e1s angustian al paciente, ya que teme que los dem\u00e1s noten su nerviosismo, lo que genera un c\u00edrculo vicioso de mayor ansiedad. El rubor facial, la sudoraci\u00f3n excesiva y los temblores son se\u00f1ales cl\u00e1sicas de que el sistema nervioso aut\u00f3nomo est\u00e1 en estado de alerta m\u00e1xima.<\/p>\n\n\n\n<p>A nivel cognitivo, el pensamiento se vuelve catastr\u00f3fico. Aparecen ideas recurrentes sobre &#8220;hacer el rid\u00edculo&#8221; o &#8220;quedarse en blanco&#8221;. Esta <strong>autofocalizaci\u00f3n<\/strong> excesiva hace que la persona est\u00e9 tan pendiente de sus sensaciones internas que pierde el hilo de la conversaci\u00f3n, lo que ir\u00f3nicamente puede llevar a la torpeza social que tanto teme. Es lo que en psicolog\u00eda llamamos la &#8220;profec\u00eda autocumplida&#8221;, donde el miedo a fallar termina provocando peque\u00f1as fallas que refuerzan la creencia de ser incapaz.<\/p>\n\n\n\n<ul>\n<li><strong>Manifestaciones f\u00edsicas inmediatas:<\/strong> Palpitaciones aceleradas, n\u00e1useas, dificultad para respirar y tensi\u00f3n muscular intensa en hombros y cuello.<\/li>\n\n\n\n<li><strong>Sesgos de pensamiento:<\/strong> Tendencia a leer la mente de los dem\u00e1s (creer que piensan mal de nosotros) y a minimizar los logros sociales propios.<\/li>\n\n\n\n<li><strong>Conductas de seguridad:<\/strong> Gestos para pasar desapercibido, como evitar el contacto visual, usar ropa que oculte el rubor o ensayar excesivamente lo que se va a decir.<\/li>\n\n\n\n<li><strong>Ansiedad anticipatoria:<\/strong> Preocupaci\u00f3n extrema que comienza d\u00edas o semanas antes de un evento social programado.<\/li>\n<\/ul>\n\n\n\n<h3 class=\"wp-block-heading has-large-font-size\">El impacto en la salud f\u00edsica general<\/h3>\n\n\n\n<p>Es importante mencionar que vivir bajo este nivel de estr\u00e9s constante tiene consecuencias en el cuerpo. El estado de alerta permanente puede derivar en problemas de sue\u00f1o, fatiga cr\u00f3nica y un sistema inmunol\u00f3gico debilitado. La <strong>psicobiolog\u00eda<\/strong> nos ense\u00f1a que la mente y el cuerpo no son entidades separadas; lo que ocurre en nuestras interacciones sociales afecta directamente nuestra salud fisiol\u00f3gica. Por ello, tratar el trastorno no es solo un tema de &#8220;sentirse mejor&#8221;, sino de salud integral.<\/p>\n\n\n\n<h3 class=\"wp-block-heading has-large-font-size\">Reconociendo las situaciones detonantes<\/h3>\n\n\n\n<p>Cada persona tiene sus propios &#8220;disparadores&#8221;, pero existen escenarios universales que suelen activar el malestar. Estos incluyen hablar en p\u00fablico, comer o beber frente a otros, iniciar conversaciones con desconocidos o asistir a fiestas. Incluso actos cotidianos como devolver un producto en una tienda o entrar a una habitaci\u00f3n donde ya hay gente sentada pueden resultar tortuosos. Identificar estos momentos espec\u00edficos ayuda al terapeuta a dise\u00f1ar una <strong>jerarqu\u00eda de exposici\u00f3n<\/strong> personalizada.<\/p>\n\n\n\n<h2 class=\"wp-block-heading has-x-large-font-size\">Tratamientos efectivos para superar las fobias sociales<\/h2>\n\n\n\n<figure class=\"wp-block-image size-full\"><img loading=\"lazy\" decoding=\"async\" width=\"1000\" height=\"667\" src=\"https:\/\/fonasa.mindy.cl\/blog\/wp-content\/uploads\/2026\/01\/2149155390.jpg\" alt=\"Fobias sociales\" class=\"wp-image-1347\"\/><\/figure>\n\n\n\n<p>La buena noticia es que existen tratamientos con altas tasas de \u00e9xito. La <strong>terapia cognitivo-conductual<\/strong> (TCC) se considera el est\u00e1ndar de oro para abordar las <strong>fobias sociales<\/strong>. Este enfoque trabaja en dos frentes: primero, en la reestructuraci\u00f3n de los pensamientos irracionales y, segundo, en la modificaci\u00f3n de las conductas de evitaci\u00f3n. A trav\u00e9s de la terapia, aprendes a cuestionar tus creencias negativas y a ver las interacciones sociales como experimentos donde puedes poner a prueba tus capacidades en un entorno controlado y seguro.<\/p>\n\n\n\n<p>Otra herramienta fundamental es el entrenamiento en <strong>habilidades sociales<\/strong>. Muchas veces, el miedo nace de una percepci\u00f3n de falta de recursos para conversar o negociar. Al practicar t\u00e9cnicas de asertividad, lenguaje corporal y escucha activa, el paciente gana confianza en su &#8220;caja de herramientas&#8221; interpersonal. Adem\u00e1s, las t\u00e9cnicas de relajaci\u00f3n y mindfulness ayudan a calmar la respuesta biol\u00f3gica de la am\u00edgdala, permitiendo que la persona permanezca en la situaci\u00f3n social sin ser secuestrada por el p\u00e1nico.<\/p>\n\n\n\n<ol start=\"1\">\n<li><strong>Reestructuraci\u00f3n cognitiva:<\/strong> Identificar los pensamientos &#8220;trampa&#8221; y sustituirlos por perspectivas m\u00e1s realistas y compasivas con uno mismo.<\/li>\n\n\n\n<li><strong>Exposici\u00f3n gradual:<\/strong> Acercarse de forma pausada y planificada a las situaciones temidas, comenzando por las m\u00e1s f\u00e1ciles hasta llegar a las m\u00e1s complejas.<\/li>\n\n\n\n<li><strong>Entrenamiento en atenci\u00f3n:<\/strong> Aprender a focalizar la atenci\u00f3n en la conversaci\u00f3n externa y no en las sensaciones internas de nerviosismo.<\/li>\n\n\n\n<li><strong>Prevenci\u00f3n de reca\u00eddas:<\/strong> Desarrollar estrategias para mantener los avances a largo plazo y entender que los contratiempos son parte del proceso de aprendizaje.<\/li>\n<\/ol>\n\n\n\n<h3 class=\"wp-block-heading has-large-font-size\">El papel de la farmacolog\u00eda en el proceso<\/h3>\n\n\n\n<p>En algunos casos, la combinaci\u00f3n de terapia psicol\u00f3gica con medicaci\u00f3n puede ser recomendada por un especialista. Los f\u00e1rmacos, como los inhibidores selectivos de la recaptaci\u00f3n de serotonina, act\u00faan regulando la qu\u00edmica cerebral para reducir la &#8220;l\u00ednea base&#8221; de ansiedad. Esto facilita que el paciente pueda involucrarse en el trabajo terap\u00e9utico con menos resistencia. Sin embargo, la medicaci\u00f3n suele ser una ayuda temporal, mientras que los cambios profundos y duraderos provienen del <strong>trabajo psicol\u00f3gico<\/strong> y la adquisici\u00f3n de nuevas herramientas de afrontamiento.<\/p>\n\n\n\n<h3 class=\"wp-block-heading has-large-font-size\">La importancia de la terapia online<\/h3>\n\n\n\n<p>Para quienes sufren este trastorno, el simple hecho de salir de casa y acudir a una consulta presencial puede ser una barrera infranqueable. Aqu\u00ed es donde la terapia virtual cobra un valor incalculable. Permite al usuario iniciar su proceso de sanaci\u00f3n desde un <strong>entorno seguro<\/strong>, como su hogar, reduciendo la ansiedad inicial. Esto facilita la adherencia al tratamiento y permite que el v\u00ednculo con el psic\u00f3logo se construya de forma m\u00e1s fluida, eliminando el estr\u00e9s del traslado y el contacto visual forzado en salas de espera.<\/p>\n\n\n\n<h2 class=\"wp-block-heading has-x-large-font-size\">Fonasa Mindy: C\u00f3mo abordar las fobias sociales<\/h2>\n\n\n\n<p>En <strong><a href=\"https:\/\/fonasa.mindy.cl\/#\/\">Fonasa Mindy<\/a><\/strong>, comprendemos que dar el primer paso para buscar ayuda es el reto m\u00e1s grande cuando se vive con ansiedad social. Por eso, hemos dise\u00f1ado una plataforma que elimina los obst\u00e1culos log\u00edsticos y econ\u00f3micos, permiti\u00e9ndote acceder a profesionales de primer nivel en Chile. Nuestro enfoque est\u00e1 centrado en el paciente, utilizando metodolog\u00edas validadas que te ayudar\u00e1n a desmantelar los mecanismos de las <strong>fobias sociales<\/strong> de manera respetuosa y efectiva.<\/p>\n\n\n\n<ul>\n<li><strong>Especialistas certificados:<\/strong> Contamos con psic\u00f3logos expertos en trastornos de ansiedad y fobias, capacitados para guiarte en tu proceso de exposici\u00f3n y cambio cognitivo.<\/li>\n\n\n\n<li><strong>Accesibilidad con Fonasa:<\/strong> Puedes acceder a tus sesiones utilizando los beneficios de tu previsi\u00f3n de salud, haciendo que el tratamiento sea econ\u00f3micamente sostenible.<\/li>\n\n\n\n<li><strong>Privacidad y comodidad:<\/strong> Las sesiones se realizan por videollamada, lo que te permite trabajar tus miedos en un espacio donde te sientes c\u00f3modo y en control.<\/li>\n\n\n\n<li><strong>Flexibilidad de horarios:<\/strong> Entendemos que tu vida es activa, por lo que ofrecemos una amplia gama de horarios para que la terapia se adapte a ti y no al rev\u00e9s.<\/li>\n<\/ul>\n\n\n\n<p>Si sientes que el miedo al juicio ajeno est\u00e1 limitando tus sue\u00f1os y tu felicidad, no tienes por qu\u00e9 enfrentar esto solo. Contamos con las herramientas y la empat\u00eda necesarias para acompa\u00f1arte. Puedes conocer a nuestro equipo y elegir al profesional que mejor se adapte a tus necesidades en el siguiente enlace: <strong><a href=\"https:\/\/fonasa.mindy.cl\/psicologos.php#\/\" target=\"_blank\" rel=\"noreferrer noopener\">Psic\u00f3logos online Fonasa Mindy<\/a><\/strong><\/p>\n\n\n\n<h3 class=\"wp-block-heading has-large-font-size\">La fobia social puede tratarse con efectividad<\/h3>\n\n\n\n<p>Superar un trastorno de ansiedad social no significa convertirse en la persona m\u00e1s extrovertida del mundo, sino alcanzar la libertad de ser t\u00fa mismo sin que el miedo dicte tus pasos. Las <strong>fobias sociales<\/strong> son condiciones tratables y el camino hacia la recuperaci\u00f3n comienza con la decisi\u00f3n de buscar apoyo. Recuerda que cada peque\u00f1a interacci\u00f3n en la que te permites estar presente es una victoria sobre la ansiedad. Con el acompa\u00f1amiento adecuado y las estrategias correctas, volver\u00e1s a disfrutar de la conexi\u00f3n humana y a descubrir que el mundo, lejos de ser un juicio constante, es un espacio lleno de oportunidades para crecer y compartir.<\/p>\n\n\n\n<p>Te invitamos a tomar acci\u00f3n hoy mismo y comenzar a construir la vida social que deseas. Tu bienestar emocional est\u00e1 a solo un clic de distancia en <strong><a target=\"_blank\" rel=\"noreferrer noopener\" href=\"https:\/\/fonasa.mindy.cl\/#\/\">Fonasa Mindy<\/a><\/strong>. Si deseas explorar m\u00e1s sobre nuestra comunidad y servicios integrales de salud mental, tambi\u00e9n puedes visitar el sitio principal de <strong><a target=\"_blank\" rel=\"noreferrer noopener\" href=\"https:\/\/mindy.cl\/\">Mindy<\/a><\/strong>.<\/p>\n\n\n\n<h2 class=\"wp-block-heading has-x-large-font-size\">\u00bfNo sabes por d\u00f3nde empezar? Descubre tu terapia recomendada<\/h2>\n\n\n\n<p>Iniciar un proceso psicol\u00f3gico puede generar dudas sobre cu\u00e1l es el mejor camino. En <strong>Fonasa Mindy<\/strong> queremos facilitarte el proceso: responde unas breves preguntas para identificar el modelo terap\u00e9utico m\u00e1s efectivo para tu bienestar emocional. Es r\u00e1pido, sencillo y te ayudar\u00e1 a conectar con el profesional adecuado. <\/p>\n\n\n\n<p>\ud83d\udc49 <strong><a href=\"https:\/\/form.typeform.com\/to\/jfcSJODX\" target=\"_blank\" rel=\"noreferrer noopener\">Haz clic para descubrir tu tipo de terapia<\/a><\/strong><\/p>\n","protected":false},"excerpt":{"rendered":"<p>\u00bfAlguna vez has sentido que todos los ojos en una habitaci\u00f3n est\u00e1n puestos en ti, juzgando cada uno de tus movimientos? Esa sensaci\u00f3n de vulnerabilidad extrema, acompa\u00f1ada de un nudo en el est\u00f3mago y el deseo irrefrenable de huir, es una experiencia com\u00fan para quienes viven con fobias sociales. Este trastorno no se trata simplemente [&hellip;]<\/p>\n","protected":false},"author":3,"featured_media":1345,"comment_status":"closed","ping_status":"closed","sticky":false,"template":"","format":"standard","meta":{"footnotes":""},"categories":[275],"tags":[],"yoast_head":"<!-- This site is optimized with the Yoast SEO plugin v23.0 - https:\/\/yoast.com\/wordpress\/plugins\/seo\/ -->\n<title>Fobias sociales: Supera el miedo al juicio y conecta m\u00e1s<\/title>\n<meta name=\"description\" content=\"Aprende a identificar las fobias sociales y descubre c\u00f3mo tratarlas con apoyo profesional. Recupera tu confianza y bienestar en Fonasa Mindy.\" \/>\n<meta name=\"robots\" content=\"index, follow, max-snippet:-1, max-image-preview:large, max-video-preview:-1\" \/>\n<link rel=\"canonical\" href=\"https:\/\/fonasa.mindy.cl\/blog\/fobias-sociales\/\" \/>\n<meta property=\"og:locale\" content=\"es_ES\" \/>\n<meta property=\"og:type\" content=\"article\" \/>\n<meta property=\"og:title\" content=\"Fobias sociales: Supera el miedo al juicio y conecta m\u00e1s\" \/>\n<meta property=\"og:description\" content=\"Aprende a identificar las fobias sociales y descubre c\u00f3mo tratarlas con apoyo profesional. Recupera tu confianza y bienestar en Fonasa Mindy.\" \/>\n<meta property=\"og:url\" content=\"https:\/\/fonasa.mindy.cl\/blog\/fobias-sociales\/\" \/>\n<meta property=\"og:site_name\" content=\"Mindy Fonasa Blog\" \/>\n<meta property=\"article:published_time\" content=\"2026-01-21T14:23:09+00:00\" \/>\n<meta property=\"article:modified_time\" content=\"2026-03-25T14:41:56+00:00\" \/>\n<meta property=\"og:image\" content=\"https:\/\/fonasa.mindy.cl\/blog\/wp-content\/uploads\/2026\/01\/2150981897.jpg\" \/>\n\t<meta property=\"og:image:width\" content=\"1000\" \/>\n\t<meta property=\"og:image:height\" content=\"753\" \/>\n\t<meta property=\"og:image:type\" content=\"image\/jpeg\" \/>\n<meta name=\"author\" content=\"estrategamkd@gmail.com\" \/>\n<meta name=\"twitter:card\" content=\"summary_large_image\" \/>\n<meta name=\"twitter:label1\" content=\"Written by\" \/>\n\t<meta name=\"twitter:data1\" content=\"estrategamkd@gmail.com\" \/>\n\t<meta name=\"twitter:label2\" content=\"Est. reading time\" \/>\n\t<meta name=\"twitter:data2\" content=\"11 minutos\" \/>\n<script type=\"application\/ld+json\" class=\"yoast-schema-graph\">{\"@context\":\"https:\/\/schema.org\",\"@graph\":[{\"@type\":\"Article\",\"@id\":\"https:\/\/fonasa.mindy.cl\/blog\/fobias-sociales\/#article\",\"isPartOf\":{\"@id\":\"https:\/\/fonasa.mindy.cl\/blog\/fobias-sociales\/\"},\"author\":{\"name\":\"estrategamkd@gmail.com\",\"@id\":\"https:\/\/fonasa.mindy.cl\/blog\/#\/schema\/person\/fa87761528fa733079f7f77181252f28\"},\"headline\":\"Fobias sociales: Supera el miedo al juicio y conecta m\u00e1s\",\"datePublished\":\"2026-01-21T14:23:09+00:00\",\"dateModified\":\"2026-03-25T14:41:56+00:00\",\"mainEntityOfPage\":{\"@id\":\"https:\/\/fonasa.mindy.cl\/blog\/fobias-sociales\/\"},\"wordCount\":2520,\"publisher\":{\"@id\":\"https:\/\/fonasa.mindy.cl\/blog\/#organization\"},\"image\":{\"@id\":\"https:\/\/fonasa.mindy.cl\/blog\/fobias-sociales\/#primaryimage\"},\"thumbnailUrl\":\"https:\/\/fonasa.mindy.cl\/blog\/wp-content\/uploads\/2026\/01\/2150981897.jpg\",\"articleSection\":[\"Trastornos\"],\"inLanguage\":\"es-CL\"},{\"@type\":\"WebPage\",\"@id\":\"https:\/\/fonasa.mindy.cl\/blog\/fobias-sociales\/\",\"url\":\"https:\/\/fonasa.mindy.cl\/blog\/fobias-sociales\/\",\"name\":\"Fobias sociales: Supera el miedo al juicio y conecta m\u00e1s\",\"isPartOf\":{\"@id\":\"https:\/\/fonasa.mindy.cl\/blog\/#website\"},\"primaryImageOfPage\":{\"@id\":\"https:\/\/fonasa.mindy.cl\/blog\/fobias-sociales\/#primaryimage\"},\"image\":{\"@id\":\"https:\/\/fonasa.mindy.cl\/blog\/fobias-sociales\/#primaryimage\"},\"thumbnailUrl\":\"https:\/\/fonasa.mindy.cl\/blog\/wp-content\/uploads\/2026\/01\/2150981897.jpg\",\"datePublished\":\"2026-01-21T14:23:09+00:00\",\"dateModified\":\"2026-03-25T14:41:56+00:00\",\"description\":\"Aprende a identificar las fobias sociales y descubre c\u00f3mo tratarlas con apoyo profesional. Recupera tu confianza y bienestar en Fonasa Mindy.\",\"breadcrumb\":{\"@id\":\"https:\/\/fonasa.mindy.cl\/blog\/fobias-sociales\/#breadcrumb\"},\"inLanguage\":\"es-CL\",\"potentialAction\":[{\"@type\":\"ReadAction\",\"target\":[\"https:\/\/fonasa.mindy.cl\/blog\/fobias-sociales\/\"]}]},{\"@type\":\"ImageObject\",\"inLanguage\":\"es-CL\",\"@id\":\"https:\/\/fonasa.mindy.cl\/blog\/fobias-sociales\/#primaryimage\",\"url\":\"https:\/\/fonasa.mindy.cl\/blog\/wp-content\/uploads\/2026\/01\/2150981897.jpg\",\"contentUrl\":\"https:\/\/fonasa.mindy.cl\/blog\/wp-content\/uploads\/2026\/01\/2150981897.jpg\",\"width\":1000,\"height\":753,\"caption\":\"Fobias sociales\"},{\"@type\":\"BreadcrumbList\",\"@id\":\"https:\/\/fonasa.mindy.cl\/blog\/fobias-sociales\/#breadcrumb\",\"itemListElement\":[{\"@type\":\"ListItem\",\"position\":1,\"name\":\"Home\",\"item\":\"https:\/\/fonasa.mindy.cl\/blog\/\"},{\"@type\":\"ListItem\",\"position\":2,\"name\":\"Fobias sociales: Supera el miedo al juicio y conecta m\u00e1s\"}]},{\"@type\":\"WebSite\",\"@id\":\"https:\/\/fonasa.mindy.cl\/blog\/#website\",\"url\":\"https:\/\/fonasa.mindy.cl\/blog\/\",\"name\":\"Mindy Fonasa Blog\",\"description\":\"Un blog de salud mental\",\"publisher\":{\"@id\":\"https:\/\/fonasa.mindy.cl\/blog\/#organization\"},\"potentialAction\":[{\"@type\":\"SearchAction\",\"target\":{\"@type\":\"EntryPoint\",\"urlTemplate\":\"https:\/\/fonasa.mindy.cl\/blog\/?s={search_term_string}\"},\"query-input\":\"required name=search_term_string\"}],\"inLanguage\":\"es-CL\"},{\"@type\":\"Organization\",\"@id\":\"https:\/\/fonasa.mindy.cl\/blog\/#organization\",\"name\":\"Mindy Fonasa Blog\",\"url\":\"https:\/\/fonasa.mindy.cl\/blog\/\",\"logo\":{\"@type\":\"ImageObject\",\"inLanguage\":\"es-CL\",\"@id\":\"https:\/\/fonasa.mindy.cl\/blog\/#\/schema\/logo\/image\/\",\"url\":\"https:\/\/fonasa.mindy.cl\/blog\/wp-content\/uploads\/2024\/07\/logo_cuadrado.png\",\"contentUrl\":\"https:\/\/fonasa.mindy.cl\/blog\/wp-content\/uploads\/2024\/07\/logo_cuadrado.png\",\"width\":300,\"height\":300,\"caption\":\"Mindy Fonasa Blog\"},\"image\":{\"@id\":\"https:\/\/fonasa.mindy.cl\/blog\/#\/schema\/logo\/image\/\"}},{\"@type\":\"Person\",\"@id\":\"https:\/\/fonasa.mindy.cl\/blog\/#\/schema\/person\/fa87761528fa733079f7f77181252f28\",\"name\":\"estrategamkd@gmail.com\",\"url\":\"https:\/\/fonasa.mindy.cl\/blog\/author\/estrategamkdgmail-com\/\"}]}<\/script>\n<!-- \/ Yoast SEO plugin. -->","yoast_head_json":{"title":"Fobias sociales: Supera el miedo al juicio y conecta m\u00e1s","description":"Aprende a identificar las fobias sociales y descubre c\u00f3mo tratarlas con apoyo profesional. Recupera tu confianza y bienestar en Fonasa Mindy.","robots":{"index":"index","follow":"follow","max-snippet":"max-snippet:-1","max-image-preview":"max-image-preview:large","max-video-preview":"max-video-preview:-1"},"canonical":"https:\/\/fonasa.mindy.cl\/blog\/fobias-sociales\/","og_locale":"es_ES","og_type":"article","og_title":"Fobias sociales: Supera el miedo al juicio y conecta m\u00e1s","og_description":"Aprende a identificar las fobias sociales y descubre c\u00f3mo tratarlas con apoyo profesional. Recupera tu confianza y bienestar en Fonasa Mindy.","og_url":"https:\/\/fonasa.mindy.cl\/blog\/fobias-sociales\/","og_site_name":"Mindy Fonasa Blog","article_published_time":"2026-01-21T14:23:09+00:00","article_modified_time":"2026-03-25T14:41:56+00:00","og_image":[{"width":1000,"height":753,"url":"https:\/\/fonasa.mindy.cl\/blog\/wp-content\/uploads\/2026\/01\/2150981897.jpg","type":"image\/jpeg"}],"author":"estrategamkd@gmail.com","twitter_card":"summary_large_image","twitter_misc":{"Written by":"estrategamkd@gmail.com","Est. reading time":"11 minutos"},"schema":{"@context":"https:\/\/schema.org","@graph":[{"@type":"Article","@id":"https:\/\/fonasa.mindy.cl\/blog\/fobias-sociales\/#article","isPartOf":{"@id":"https:\/\/fonasa.mindy.cl\/blog\/fobias-sociales\/"},"author":{"name":"estrategamkd@gmail.com","@id":"https:\/\/fonasa.mindy.cl\/blog\/#\/schema\/person\/fa87761528fa733079f7f77181252f28"},"headline":"Fobias sociales: Supera el miedo al juicio y conecta m\u00e1s","datePublished":"2026-01-21T14:23:09+00:00","dateModified":"2026-03-25T14:41:56+00:00","mainEntityOfPage":{"@id":"https:\/\/fonasa.mindy.cl\/blog\/fobias-sociales\/"},"wordCount":2520,"publisher":{"@id":"https:\/\/fonasa.mindy.cl\/blog\/#organization"},"image":{"@id":"https:\/\/fonasa.mindy.cl\/blog\/fobias-sociales\/#primaryimage"},"thumbnailUrl":"https:\/\/fonasa.mindy.cl\/blog\/wp-content\/uploads\/2026\/01\/2150981897.jpg","articleSection":["Trastornos"],"inLanguage":"es-CL"},{"@type":"WebPage","@id":"https:\/\/fonasa.mindy.cl\/blog\/fobias-sociales\/","url":"https:\/\/fonasa.mindy.cl\/blog\/fobias-sociales\/","name":"Fobias sociales: Supera el miedo al juicio y conecta m\u00e1s","isPartOf":{"@id":"https:\/\/fonasa.mindy.cl\/blog\/#website"},"primaryImageOfPage":{"@id":"https:\/\/fonasa.mindy.cl\/blog\/fobias-sociales\/#primaryimage"},"image":{"@id":"https:\/\/fonasa.mindy.cl\/blog\/fobias-sociales\/#primaryimage"},"thumbnailUrl":"https:\/\/fonasa.mindy.cl\/blog\/wp-content\/uploads\/2026\/01\/2150981897.jpg","datePublished":"2026-01-21T14:23:09+00:00","dateModified":"2026-03-25T14:41:56+00:00","description":"Aprende a identificar las fobias sociales y descubre c\u00f3mo tratarlas con apoyo profesional. Recupera tu confianza y bienestar en Fonasa Mindy.","breadcrumb":{"@id":"https:\/\/fonasa.mindy.cl\/blog\/fobias-sociales\/#breadcrumb"},"inLanguage":"es-CL","potentialAction":[{"@type":"ReadAction","target":["https:\/\/fonasa.mindy.cl\/blog\/fobias-sociales\/"]}]},{"@type":"ImageObject","inLanguage":"es-CL","@id":"https:\/\/fonasa.mindy.cl\/blog\/fobias-sociales\/#primaryimage","url":"https:\/\/fonasa.mindy.cl\/blog\/wp-content\/uploads\/2026\/01\/2150981897.jpg","contentUrl":"https:\/\/fonasa.mindy.cl\/blog\/wp-content\/uploads\/2026\/01\/2150981897.jpg","width":1000,"height":753,"caption":"Fobias sociales"},{"@type":"BreadcrumbList","@id":"https:\/\/fonasa.mindy.cl\/blog\/fobias-sociales\/#breadcrumb","itemListElement":[{"@type":"ListItem","position":1,"name":"Home","item":"https:\/\/fonasa.mindy.cl\/blog\/"},{"@type":"ListItem","position":2,"name":"Fobias sociales: Supera el miedo al juicio y conecta m\u00e1s"}]},{"@type":"WebSite","@id":"https:\/\/fonasa.mindy.cl\/blog\/#website","url":"https:\/\/fonasa.mindy.cl\/blog\/","name":"Mindy Fonasa Blog","description":"Un blog de salud mental","publisher":{"@id":"https:\/\/fonasa.mindy.cl\/blog\/#organization"},"potentialAction":[{"@type":"SearchAction","target":{"@type":"EntryPoint","urlTemplate":"https:\/\/fonasa.mindy.cl\/blog\/?s={search_term_string}"},"query-input":"required name=search_term_string"}],"inLanguage":"es-CL"},{"@type":"Organization","@id":"https:\/\/fonasa.mindy.cl\/blog\/#organization","name":"Mindy Fonasa Blog","url":"https:\/\/fonasa.mindy.cl\/blog\/","logo":{"@type":"ImageObject","inLanguage":"es-CL","@id":"https:\/\/fonasa.mindy.cl\/blog\/#\/schema\/logo\/image\/","url":"https:\/\/fonasa.mindy.cl\/blog\/wp-content\/uploads\/2024\/07\/logo_cuadrado.png","contentUrl":"https:\/\/fonasa.mindy.cl\/blog\/wp-content\/uploads\/2024\/07\/logo_cuadrado.png","width":300,"height":300,"caption":"Mindy Fonasa Blog"},"image":{"@id":"https:\/\/fonasa.mindy.cl\/blog\/#\/schema\/logo\/image\/"}},{"@type":"Person","@id":"https:\/\/fonasa.mindy.cl\/blog\/#\/schema\/person\/fa87761528fa733079f7f77181252f28","name":"estrategamkd@gmail.com","url":"https:\/\/fonasa.mindy.cl\/blog\/author\/estrategamkdgmail-com\/"}]}},"_links":{"self":[{"href":"https:\/\/fonasa.mindy.cl\/blog\/wp-json\/wp\/v2\/posts\/1343"}],"collection":[{"href":"https:\/\/fonasa.mindy.cl\/blog\/wp-json\/wp\/v2\/posts"}],"about":[{"href":"https:\/\/fonasa.mindy.cl\/blog\/wp-json\/wp\/v2\/types\/post"}],"author":[{"embeddable":true,"href":"https:\/\/fonasa.mindy.cl\/blog\/wp-json\/wp\/v2\/users\/3"}],"replies":[{"embeddable":true,"href":"https:\/\/fonasa.mindy.cl\/blog\/wp-json\/wp\/v2\/comments?post=1343"}],"version-history":[{"count":5,"href":"https:\/\/fonasa.mindy.cl\/blog\/wp-json\/wp\/v2\/posts\/1343\/revisions"}],"predecessor-version":[{"id":1734,"href":"https:\/\/fonasa.mindy.cl\/blog\/wp-json\/wp\/v2\/posts\/1343\/revisions\/1734"}],"wp:featuredmedia":[{"embeddable":true,"href":"https:\/\/fonasa.mindy.cl\/blog\/wp-json\/wp\/v2\/media\/1345"}],"wp:attachment":[{"href":"https:\/\/fonasa.mindy.cl\/blog\/wp-json\/wp\/v2\/media?parent=1343"}],"wp:term":[{"taxonomy":"category","embeddable":true,"href":"https:\/\/fonasa.mindy.cl\/blog\/wp-json\/wp\/v2\/categories?post=1343"},{"taxonomy":"post_tag","embeddable":true,"href":"https:\/\/fonasa.mindy.cl\/blog\/wp-json\/wp\/v2\/tags?post=1343"}],"curies":[{"name":"wp","href":"https:\/\/api.w.org\/{rel}","templated":true}]}}