{"id":1328,"date":"2026-01-21T10:55:56","date_gmt":"2026-01-21T13:55:56","guid":{"rendered":"https:\/\/fonasa.mindy.cl\/blog\/?p=1328"},"modified":"2026-03-24T16:20:08","modified_gmt":"2026-03-24T19:20:08","slug":"estres-y-ansiedad-como-diferenciarlos","status":"publish","type":"post","link":"https:\/\/fonasa.mindy.cl\/blog\/estres-y-ansiedad-como-diferenciarlos\/","title":{"rendered":"Estr\u00e9s y ansiedad: C\u00f3mo diferenciarlos y recuperar el control"},"content":{"rendered":"\n<p>Sientes el coraz\u00f3n acelerarse sin motivo aparente, una preocupaci\u00f3n constante que no puedes apagar, tu mente dando vueltas en la noche o una tensi\u00f3n en los hombros que se ha vuelto tu nueva normalidad. En un mundo de exigencias constantes, es com\u00fan sentir que el <strong>estr\u00e9s y ansiedad<\/strong> son compa\u00f1eros inevitables de la vida moderna. Pero, \u00bfson lo mismo? \u00bfCu\u00e1ndo esa presi\u00f3n normal se convierte en un problema de salud que requiere atenci\u00f3n? La verdad es que, aunque est\u00e1n profundamente relacionados, el <strong>estr\u00e9s y la ansiedad<\/strong> son experiencias psicol\u00f3gicas y fisiol\u00f3gicas distintas. <\/p>\n\n\n\n<p>Comprender esta diferencia es el primer paso para dejar de ser v\u00edctima de estas sensaciones y empezar a gestionarlas de forma efectiva. Este art\u00edculo, te guiar\u00e1 para que puedas identificar si lo que sientes es estr\u00e9s adaptativo o ansiedad problem\u00e1tica, entender\u00e1s sus mecanismos en tu cerebro y cuerpo, y lo m\u00e1s importante, descubrir\u00e1s herramientas pr\u00e1cticas y tratamientos profesionales para recuperar tu calma y tu bienestar.<\/p>\n\n\n\n<h2 class=\"wp-block-heading has-x-large-font-size\">Estr\u00e9s y ansiedad: Dos caras de la respuesta de alarma del cuerpo<\/h2>\n\n\n\n<p>Es tentador usar los t\u00e9rminos indistintamente, pero para poder manejar lo que sentimos, primero debemos nombrarlo con precisi\u00f3n. El <strong>estr\u00e9s y la ansiedad<\/strong> son respuestas del organismo que comparten rasgos, pero se originan y funcionan de maneras clave diferentes.<\/p>\n\n\n\n<h3 class=\"wp-block-heading has-large-font-size\">\u00bfQu\u00e9 es el estr\u00e9s? Una respuesta a una amenaza real<\/h3>\n\n\n\n<p>El <strong>estr\u00e9s<\/strong> es una <strong>reacci\u00f3n fisiol\u00f3gica y psicol\u00f3gica normal<\/strong> ante un <strong>estresor identificable y presente<\/strong>. Es la respuesta de &#8220;lucha o huida&#8221; de tu cuerpo frente a una demanda o desaf\u00edo percibido. Puede ser positivo (eustr\u00e9s), como la emoci\u00f3n antes de una presentaci\u00f3n importante que te ayuda a concentrarte, o negativo (distr\u00e9s), cuando las demandas superan tu capacidad de afrontamiento.<\/p>\n\n\n\n<ul>\n<li><strong>Caracter\u00edstica central:<\/strong> Tiene una <strong>causa clara y externa<\/strong>. Un plazo de entrega (deadline), una discusi\u00f3n, una factura por pagar, un examen.<\/li>\n\n\n\n<li><strong>Duraci\u00f3n:<\/strong> Suele ser <strong>agudo y limitado en el tiempo<\/strong>. Aparece con el estresor y, en teor\u00eda, desaparece cuando el estresor se resuelve o desaparece.<\/li>\n\n\n\n<li><strong>Funci\u00f3n biol\u00f3gica:<\/strong> Es <strong>adaptativo<\/strong>. Te prepara para actuar, te da un chute de energ\u00eda (a trav\u00e9s de hormonas como el cortisol y la adrenalina) para enfrentar la situaci\u00f3n.<\/li>\n<\/ul>\n\n\n\n<h3 class=\"wp-block-heading has-large-font-size\">\u00bfQu\u00e9 es la ansiedad? El miedo a una amenaza futura<\/h3>\n\n\n\n<p>La <strong>ansiedad<\/strong>, por otro lado, es una <strong>emoci\u00f3n caracterizada por aprensi\u00f3n, tensi\u00f3n y preocupaci\u00f3n excesivas<\/strong> ante la <strong>anticipaci\u00f3n de una amenaza futura<\/strong>, a menudo imprecisa o imaginaria. Es el sistema de alarma del cuerpo activ\u00e1ndose cuando no hay un peligro inmediato y real.<\/p>\n\n\n\n<ul>\n<li><strong>Caracter\u00edstica central:<\/strong> Se centra en la <strong>anticipaci\u00f3n y la preocupaci\u00f3n por el futuro<\/strong>. &#8220;\u00bfY si fracaso?&#8221;, &#8220;\u00bfY si me enfermo?&#8221;, &#8220;\u00bfY si algo malo le pasa a mi familia?&#8221;.<\/li>\n\n\n\n<li><strong>Duraci\u00f3n:<\/strong> Puede ser <strong>persistente y cr\u00f3nica<\/strong>, incluso en ausencia de un estresor obvio. La preocupaci\u00f3n se vuelve un estado de fondo.<\/li>\n\n\n\n<li><strong>Funci\u00f3n biol\u00f3gica:<\/strong> En niveles moderados, puede ser adaptativa (prepararnos para lo que pueda venir). Pero cuando es excesiva, se vuelve <strong>desadaptativa y paralizante<\/strong>, interfiriendo con la vida diaria.<\/li>\n<\/ul>\n\n\n\n<p>En resumen, podr\u00edamos decir que <strong>el estr\u00e9s suele ser la reacci\u00f3n a una presi\u00f3n externa, mientras que la ansiedad es la reacci\u00f3n interna a esa presi\u00f3n, que persiste incluso cuando la presi\u00f3n ha cesado<\/strong>.<\/p>\n\n\n\n<h2 class=\"wp-block-heading has-x-large-font-size\">La ciencia detr\u00e1s del estr\u00e9s y la ansiedad: Qu\u00e9 pasa en tu cerebro y cuerpo<\/h2>\n\n\n\n<figure class=\"wp-block-image alignwide size-full\"><img loading=\"lazy\" decoding=\"async\" width=\"640\" height=\"427\" src=\"https:\/\/fonasa.mindy.cl\/blog\/wp-content\/uploads\/2026\/01\/pexels-yankrukov-7640496.jpg\" alt=\"estr\u00e9s y ansiedad\" class=\"wp-image-1333\"\/><\/figure>\n\n\n\n<p>Entender que el <strong>estr\u00e9s y ansiedad<\/strong> tienen una base biol\u00f3gica tangible ayuda a despersonalizar la culpa (&#8220;\u00bfpor qu\u00e9 no puedo controlarme?&#8221;) y a verlos como fen\u00f3menos que pueden regularse.<\/p>\n\n\n\n<h3 class=\"wp-block-heading has-large-font-size\">La respuesta al estr\u00e9s agudo: La cascada de hormonas<\/h3>\n\n\n\n<p>Cuando percibes un desaf\u00edo (el estresor), una peque\u00f1a regi\u00f3n de tu cerebro llamada <strong>hipot\u00e1lamo<\/strong> activa un sistema de emergencia. Env\u00eda una se\u00f1al a la <strong>gl\u00e1ndula pituitaria<\/strong>, que a su vez le dice a las <strong>gl\u00e1ndulas suprarrenales<\/strong> que liberen hormonas del estr\u00e9s: <strong>adrenalina<\/strong> (que causa el latido card\u00edaco r\u00e1pido, la sudoraci\u00f3n y la agitaci\u00f3n) y <strong>cortisol<\/strong> (que aumenta los az\u00facares en la sangre para tener energ\u00eda y suprime funciones no esenciales como la digesti\u00f3n o el sistema inmunol\u00f3gico). Esta es la respuesta de &#8220;lucha o huida&#8221;, dise\u00f1ada para acciones cortas e intensas.<\/p>\n\n\n\n<h3 class=\"wp-block-heading has-large-font-size\">Cuando el estr\u00e9s se vuelve cr\u00f3nico y se transforma en ansiedad<\/h3>\n\n\n\n<p>El problema surge cuando los <strong>estresores son constantes<\/strong> (un trabajo t\u00f3xico, problemas financieros cr\u00f3nicos) o cuando la mente <strong>no puede dejar de percibir amenazas<\/strong> (la ansiedad). El sistema de alarma no se apaga. Los niveles de cortisol permanecen elevados, lo que con el tiempo puede causar estragos:<\/p>\n\n\n\n<ul>\n<li><strong>En el cerebro:<\/strong> El cortisol cr\u00f3nico puede afectar negativamente al <strong>hipocampo<\/strong> (\u00e1rea clave para la memoria y el aprendizaje) y a la <strong>am\u00edgdala<\/strong> (centro del miedo), haci\u00e9ndola m\u00e1s sensible y reactiva, creando un ciclo vicioso de m\u00e1s ansiedad.<\/li>\n\n\n\n<li><strong>En el cuerpo:<\/strong> Puede contribuir a hipertensi\u00f3n, problemas card\u00edacos, alteraciones del sue\u00f1o, digesti\u00f3n lenta, aumento de peso y un sistema inmunol\u00f3gico debilitado.<\/li>\n<\/ul>\n\n\n\n<p>La ansiedad, desde esta perspectiva, puede entenderse como un <strong>sistema de alarma hipersensible<\/strong> que se dispara con demasiada frecuencia y por amenazas que no son inminentes o reales, manteniendo al cuerpo en un estado constante de estr\u00e9s de bajo grado.<\/p>\n\n\n\n<h2 class=\"wp-block-heading has-x-large-font-size\">S\u00edntomas del estr\u00e9s y ansiedad: C\u00f3mo se manifiestan en ti<\/h2>\n\n\n\n<p>El <strong>estr\u00e9s y ansiedad<\/strong> no son solo emociones; se expresan a trav\u00e9s de un amplio espectro de s\u00edntomas que afectan a toda la persona.<\/p>\n\n\n\n<h4 class=\"wp-block-heading has-medium-font-size\">S\u00edntomas emocionales y cognitivos<\/h4>\n\n\n\n<ul>\n<li><strong>Estr\u00e9s:<\/strong> Irritabilidad, frustraci\u00f3n, agobio, dificultad para concentrarse, olvidos frecuentes, pesimismo.<\/li>\n\n\n\n<li><strong>Ansiedad:<\/strong> Inquietud, sensaci\u00f3n de nerviosismo o &#8220;ponerse al l\u00edmite&#8221;, anticipaci\u00f3n constante de lo peor, dificultad para controlar la preocupaci\u00f3n, mente en blanco o pensamientos acelerados e intrusivos, irritabilidad.<\/li>\n<\/ul>\n\n\n\n<h4 class=\"wp-block-heading has-medium-font-size\">Los S\u00edntomas f\u00edsicos (comunes a ambos, pero m\u00e1s persistentes en la ansiedad)<\/h4>\n\n\n\n<ul>\n<li>Tensi\u00f3n muscular (especialmente en cuello, hombros y mand\u00edbula).<\/li>\n\n\n\n<li>Dolores de cabeza.<\/li>\n\n\n\n<li>Fatiga y cansancio inexplicable.<\/li>\n\n\n\n<li>Problemas de sue\u00f1o (insomnio para conciliar el sue\u00f1o o despertarse muy temprano).<\/li>\n\n\n\n<li>Alteraciones digestivas (malestar estomacal, n\u00e1useas, diarrea o estre\u00f1imiento).<\/li>\n\n\n\n<li>Temblores, sudoraci\u00f3n, manos fr\u00edas o h\u00famedas.<\/li>\n\n\n\n<li>Palpitaciones o taquicardia.<\/li>\n<\/ul>\n\n\n\n<h4 class=\"wp-block-heading has-medium-font-size\">Otros S\u00edntomas conductuales<\/h4>\n\n\n\n<ul>\n<li><strong>Estr\u00e9s:<\/strong> Comportamientos impulsivos, aumento o p\u00e9rdida del apetito, procrastinaci\u00f3n, consumo aumentado de alcohol, tabaco o cafe\u00edna, aislamiento social. Tambi\u00e9n es causado por traumas vividos y se manifiesta con los <a href=\"https:\/\/fonasa.mindy.cl\/blog\/sintomas-del-estres-postraumatico\/\">s\u00edntomas del estr\u00e9s postraum\u00e1tico<\/a>.<\/li>\n\n\n\n<li><strong>Ansiedad:<\/strong> Evitaci\u00f3n de situaciones que provocan miedo (fobias), comportamientos de verificaci\u00f3n repetitiva (por ejemplo, revisar la puerta varias veces), incapacidad para estar quieto, dificultad para delegar o para tomar decisiones.<\/li>\n<\/ul>\n\n\n\n<h2 class=\"wp-block-heading has-x-large-font-size\">\u00bfCu\u00e1ndo el estr\u00e9s y ansiedad normales se convierten en un trastorno?<\/h2>\n\n\n\n<p>Todo el mundo experimenta <strong>estr\u00e9s y ansiedad<\/strong> en alg\u00fan momento. La l\u00ednea que separa una reacci\u00f3n normal de un trastorno cl\u00ednico se cruza cuando estos s\u00edntomas:<\/p>\n\n\n\n<ol>\n<li><strong>Son desproporcionados<\/strong> a la situaci\u00f3n real.<\/li>\n\n\n\n<li><strong>Persisten en el tiempo<\/strong> (varios meses).<\/li>\n\n\n\n<li><strong>Causan un deterioro significativo<\/strong> en una o m\u00e1s \u00e1reas importantes de tu vida (trabajo, estudios, relaciones familiares o sociales).<\/li>\n\n\n\n<li><strong>Son dif\u00edciles o imposibles de controlar<\/strong> a pesar de tus esfuerzos.<\/li>\n<\/ol>\n\n\n\n<h3 class=\"wp-block-heading has-large-font-size\">Trastornos de ansiedad espec\u00edficos<\/h3>\n\n\n\n<p>Cuando la ansiedad se vuelve cr\u00f3nica e incapacitante, puede cristalizarse en diferentes trastornos, entre los que se incluyen:<\/p>\n\n\n\n<ul>\n<li><strong>Trastorno de Ansiedad Generalizada (TAG):<\/strong> El trastorno o crisis de <strong><a href=\"https:\/\/fonasa.mindy.cl\/blog\/ansiedad-generalizada\/\">ansiedad generalizada<\/a><\/strong>, se manifiesta con preocupaci\u00f3n excesiva e incontrolable por m\u00faltiples \u00e1reas de la vida (salud, dinero, familia, trabajo) la mayor\u00eda de los d\u00edas durante al menos seis meses.<\/li>\n\n\n\n<li><strong>Trastorno de P\u00e1nico:<\/strong> Ataques repentinos e intensos de miedo o malestar que alcanzan su punto m\u00e1ximo en minutos, acompa\u00f1ados de s\u00edntomas f\u00edsicos aterradores (palpitaciones, dificultad para respirar, sensaci\u00f3n de irrealidad o miedo a perder el control).<\/li>\n\n\n\n<li><strong>Fobias espec\u00edficas:<\/strong> Miedo intenso e irracional a un objeto o situaci\u00f3n espec\u00edfica (como volar, las alturas, los animales) que lleva a su evitaci\u00f3n.<\/li>\n\n\n\n<li><strong>Agorafobia:<\/strong> Miedo a estar en situaciones de las que ser\u00eda dif\u00edcil o embarazoso escapar, o donde no se podr\u00eda recibir ayuda en caso de tener un ataque de p\u00e1nico (como multitudes, transporte p\u00fablico, espacios abiertos).<\/li>\n\n\n\n<li><strong>Trastorno de Ansiedad Social (Fobia Social):<\/strong> Miedo intenso a ser juzgado, evaluado negativamente o rechazado en situaciones sociales.<\/li>\n<\/ul>\n\n\n\n<h2 class=\"wp-block-heading has-x-large-font-size\">Estrategias pr\u00e1cticas para manejar el estr\u00e9s y ansiedad en el d\u00eda a d\u00eda<\/h2>\n\n\n\n<figure class=\"wp-block-image alignwide size-full\"><img loading=\"lazy\" decoding=\"async\" width=\"640\" height=\"427\" src=\"https:\/\/fonasa.mindy.cl\/blog\/wp-content\/uploads\/2026\/01\/pexels-keenan-constance-545154-2865901.jpg\" alt=\"estr\u00e9s y ansiedad\" class=\"wp-image-1334\"\/><\/figure>\n\n\n\n<p>Antes de que el <strong>estr\u00e9s y ansiedad<\/strong> alcancen un nivel cl\u00ednico, hay muchas herramientas que puedes incorporar para reducir su impacto. La clave es la <strong>constancia<\/strong>, no la perfecci\u00f3n.<\/p>\n\n\n\n<h3 class=\"wp-block-heading has-large-font-size\">T\u00e9cnicas de regulaci\u00f3n emocional y f\u00edsica inmediata<\/h3>\n\n\n\n<ol>\n<li><strong>Respiraci\u00f3n diafragm\u00e1tica (respiraci\u00f3n profunda):<\/strong> Es la herramienta m\u00e1s r\u00e1pida para desactivar la respuesta de lucha\/huida. Inhala lentamente por la nariz contando hasta 4, sintiendo c\u00f3mo se expande tu abdomen. Aguanta la respiraci\u00f3n 1-2 segundos. Exhala lentamente por la boca contando hasta 6. Repite por 2-3 minutos.<\/li>\n\n\n\n<li><strong>Grounding o anclaje en el presente:<\/strong> Cuando los pensamientos ansiosos sobre el futuro te abrumen, lleva tu atenci\u00f3n a tus sentidos. Observa y nombra: <strong>5 cosas que puedas ver, 4 que puedas tocar, 3 que puedas o\u00edr, 2 que puedas oler, 1 que puedas saborear<\/strong>. Esto &#8220;reinicia&#8221; tu cerebro.<\/li>\n\n\n\n<li><strong>Ejercicio f\u00edsico regular:<\/strong> Es uno de los <strong>ansiol\u00edticos naturales<\/strong> m\u00e1s potentes. Libera endorfinas, reduce el cortisol y ayuda a &#8220;quemar&#8221; el exceso de energ\u00eda nerviosa. Una caminata r\u00e1pida de 30 minutos al d\u00eda puede marcar una diferencia enorme.<\/li>\n\n\n\n<li><strong>Reducci\u00f3n de cafe\u00edna, alcohol y az\u00facar:<\/strong> Estas sustancias pueden exacerbar los s\u00edntomas f\u00edsicos de la ansiedad (palpitaciones, temblores) y alterar el sue\u00f1o.<\/li>\n<\/ol>\n\n\n\n<h3 class=\"wp-block-heading has-large-font-size\">Cambios en el estilo de vida a medio plazo<\/h3>\n\n\n\n<ul>\n<li><strong>Higiene del sue\u00f1o estricta:<\/strong> Prioriza dormir 7-9 horas. Crea una rutina relajante antes de acostarte (sin pantallas), ve a dormir y despi\u00e9rtate a la misma hora.<\/li>\n\n\n\n<li><strong>Nutrici\u00f3n consciente:<\/strong> Una dieta equilibrada rica en verduras, frutas, granos enteros y prote\u00ednas magras estabiliza el az\u00facar en la sangre y el estado de \u00e1nimo.<\/li>\n\n\n\n<li><strong>Gesti\u00f3n del tiempo y establecimiento de l\u00edmites:<\/strong> Aprende a decir &#8220;no&#8221;. Prioriza tus tareas, delega lo que puedas y programa descansos. La sobrecarga es un combustible directo para el <strong>estr\u00e9s y ansiedad<\/strong>.<\/li>\n\n\n\n<li><strong>Conexi\u00f3n social:<\/strong> Aunque la ansiedad te invite a aislarte, el apoyo social es un poderoso amortiguador del estr\u00e9s. Busca a amigos o familiares con los que puedas hablar abiertamente.<\/li>\n<\/ul>\n\n\n\n<h2 class=\"wp-block-heading has-x-large-font-size\">Tratamientos profesionales para el estr\u00e9s y ansiedad cr\u00f3nicos<\/h2>\n\n\n\n<p>Cuando las estrategias de autoayuda no son suficientes, es crucial buscar ayuda profesional. Los tratamientos para el <strong>estr\u00e9s y ansiedad<\/strong> patol\u00f3gicos est\u00e1n bien establecidos y son altamente efectivos.<\/p>\n\n\n\n<h3 class=\"wp-block-heading has-large-font-size\">Psicoterapia: El tratamiento de primera l\u00ednea<\/h3>\n\n\n\n<ul>\n<li><strong>Terapia Cognitivo-Conductual (TCC):<\/strong> Es el <strong>est\u00e1ndar de oro<\/strong> para los trastornos de ansiedad. Te ayuda a:\n<ol>\n<li><strong>Identificar y desafiar pensamientos distorsionados<\/strong> (catastrofismo, pensamiento de &#8220;todo o nada&#8221;) que alimentan la ansiedad.<\/li>\n\n\n\n<li><strong>Modificar conductas de evitaci\u00f3n<\/strong> que mantienen el miedo, mediante <strong>exposici\u00f3n gradual<\/strong> a las situaciones temidas de manera segura y controlada.<\/li>\n\n\n\n<li>Aprender <strong>habilidades de afrontamiento<\/strong> y relajaci\u00f3n.<\/li>\n<\/ol>\n<\/li>\n\n\n\n<li><strong>Terapia de Aceptaci\u00f3n y Compromiso (ACT):<\/strong> En lugar de luchar para eliminar la ansiedad, te ense\u00f1a a <strong>aceptarla<\/strong> como una experiencia pasajera, a <strong>observar tus pensamientos<\/strong> sin fusionarte con ellos, y a <strong>comprometerte<\/strong> con acciones valiosas a pesar de la presencia del malestar.<\/li>\n<\/ul>\n\n\n\n<h3 class=\"wp-block-heading has-large-font-size\">Farmacoterapia (bajo supervisi\u00f3n m\u00e9dica)<\/h3>\n\n\n\n<p>En casos de ansiedad moderada a severa, los medicamentos pueden ser una herramienta \u00fatil para reducir los s\u00edntomas y permitirte participar plenamente en la psicoterapia. Los <strong>Inhibidores Selectivos de la Recaptaci\u00f3n de Serotonina (ISRS)<\/strong> son com\u00fanmente recetados por <strong>psiquiatras<\/strong>. Es fundamental que nunca te auto-mediques y que sigas las indicaciones de un especialista.<\/p>\n\n\n\n<h3 class=\"wp-block-heading has-large-font-size\">Otras terapias complementarias<\/h3>\n\n\n\n<ul>\n<li><strong>Mindfulness y meditaci\u00f3n:<\/strong> Entrenan la capacidad de permanecer en el presente sin juzgar, reduciendo la rumiaci\u00f3n ansiosa sobre el futuro.<\/li>\n\n\n\n<li><strong>Terapias de relajaci\u00f3n:<\/strong> Como la <strong>relajaci\u00f3n muscular progresiva de Jacobson<\/strong>, que ense\u00f1a a identificar y liberar la tensi\u00f3n f\u00edsica acumulada.<\/li>\n<\/ul>\n\n\n\n<h2 class=\"wp-block-heading has-x-large-font-size\">Fonasa Mindy: Tu aliado en el manejo del estr\u00e9s y la ansiedad<\/h2>\n\n\n\n<p>Sentirte abrumado por el <strong>estr\u00e9s y ansiedad<\/strong> puede hacer que incluso el acto de buscar ayuda parezca una tarea imposible. La idea de salir de casa, enfrentar el tr\u00e1fico y una sala de espera puede a\u00f1adir m\u00e1s carga a tu malestar. En <strong><a href=\"https:\/\/fonasa.mindy.cl\/#\/\">Fonasa Mindy<\/a><\/strong> hemos creado una soluci\u00f3n accesible y efectiva: la <strong>terapia psicol\u00f3gica online<\/strong> con profesionales especializados, disponible con tu cobertura de Fonasa.<\/p>\n\n\n\n<h3 class=\"wp-block-heading has-large-font-size\">\u00bfC\u00f3mo puede ayudarte Fonasa Mindy?<\/h3>\n\n\n\n<ul>\n<li><strong>Evaluaci\u00f3n y diagn\u00f3stico profesional desde tu hogar:<\/strong> Nuestros psic\u00f3logos pueden realizar una evaluaci\u00f3n completa para determinar si lo que experimentas es estr\u00e9s agudo, un trastorno de ansiedad espec\u00edfico o una combinaci\u00f3n de factores, todo desde un entorno donde te sientas seguro.<\/li>\n\n\n\n<li><strong>Terapia Cognitivo-Conductual (TCC) online:<\/strong> Ofrecemos sesiones estructuradas de TCC, el tratamiento m\u00e1s efectivo para la ansiedad, a trav\u00e9s de videollamada. Aprender\u00e1s a identificar tus patrones de pensamiento ansioso, a desafiar las creencias irracionales y a enfrentar tus miedos de manera gradual, con el apoyo constante de tu terapeuta.<\/li>\n\n\n\n<li><strong>Aprendizaje de herramientas pr\u00e1cticas en tiempo real:<\/strong> Te guiaremos en la pr\u00e1ctica de t\u00e9cnicas de respiraci\u00f3n, relajaci\u00f3n y mindfulness durante las sesiones, para que puedas implementarlas de inmediato en tu vida diaria.<\/li>\n\n\n\n<li><strong>Manejo del estr\u00e9s laboral y personal:<\/strong> Trabajamos contigo para identificar las fuentes espec\u00edficas de estr\u00e9s en tu vida, desarrollar estrategias de gesti\u00f3n del tiempo, establecer l\u00edmites saludables y mejorar tus habilidades de comunicaci\u00f3n y afrontamiento.<\/li>\n\n\n\n<li><strong>Accesibilidad y continuidad con Fonasa:<\/strong> Al eliminar las barreras geogr\u00e1ficas y de tiempo, la terapia online facilita enormemente la <strong>constancia<\/strong>, un factor clave para el \u00e9xito del tratamiento. Puedes conectar con tu psic\u00f3logo desde cualquier lugar, utilizando tu dispositivo y tu beneficio de Fonasa.<\/li>\n<\/ul>\n\n\n\n<h3 class=\"wp-block-heading has-large-font-size\">El estr\u00e9s y ansiedad pueden ser manejados profesionalmente<\/h3>\n\n\n\n<p>No tienes que seguir cargando con este peso en soledad. El <strong>estr\u00e9s y ansiedad<\/strong> manejados profesionalmente tienen una excelente respuesta al tratamiento. Da el primer paso hacia tu tranquilidad. Conoce nuestros servicios y agenda una consulta en <a href=\"https:\/\/fonasa.mindy.cl\/psicologos.php#\/\"><strong>Psic\u00f3logos online Fonasa Mindy<\/strong><\/a>.<\/p>\n\n\n\n<p>Comprender la diferencia entre <strong>estr\u00e9s y ansiedad<\/strong> es como obtener el manual de instrucciones de tu propio sistema de alarma interno. Te permite reconocer si se ha activado por una raz\u00f3n v\u00e1lida y presente (estr\u00e9s) o si est\u00e1 funcionando de manera defectuosa, dispar\u00e1ndose ante amenazas imaginarias del futuro (ansiedad). Este conocimiento es poder: el poder de dejar de luchar contra tus propias sensaciones y de empezar a gestionarlas con compasi\u00f3n y herramientas efectivas. Recuerda que buscar ayuda no es un signo de debilidad, sino el acto m\u00e1s valiente de autocuidado. Tu bienestar mental es la base desde la que construyes todo lo dem\u00e1s. <\/p>\n\n\n\n<p>En <a href=\"https:\/\/fonasa.mindy.cl\/#\/\"><strong>Fonasa Mindy<\/strong><\/a> estamos aqu\u00ed para acompa\u00f1arte con profesionalismo y calidez en tu camino de regreso a la calma y el equilibrio.<\/p>\n\n\n\n<p><em>Para m\u00e1s recursos, art\u00edculos y una comunidad de apoyo en salud mental, te invitamos a visitar<\/em> nuestra plataforma <strong><a href=\"https:\/\/mindy.cl\/\">Mindy Psicologia online y presencial<\/a><\/strong><\/p>\n\n\n\n<h2 class=\"wp-block-heading has-x-large-font-size\">Encuentra la terapia para la ansiedad adecuada para ti con este breve test<\/h2>\n\n\n\n<p>No todos los procesos terap\u00e9uticos son iguales. Para recibir la atenci\u00f3n que realmente necesitas, es fundamental evaluar tu estado actual. Te invitamos a completar nuestro <strong>diagn\u00f3stico preliminar de ansiedad<\/strong> para orientar tu b\u00fasqueda de apoyo psicol\u00f3gico de manera efectiva y accesible. <\/p>\n\n\n\n<p>\ud83d\udc49 <a href=\"https:\/\/form.typeform.com\/to\/nF2A9qZT\" target=\"_blank\" rel=\"noreferrer noopener\">Accede al Quiz aqu\u00ed<\/a><\/p>\n","protected":false},"excerpt":{"rendered":"<p>Sientes el coraz\u00f3n acelerarse sin motivo aparente, una preocupaci\u00f3n constante que no puedes apagar, tu mente dando vueltas en la noche o una tensi\u00f3n en los hombros que se ha vuelto tu nueva normalidad. En un mundo de exigencias constantes, es com\u00fan sentir que el estr\u00e9s y ansiedad son compa\u00f1eros inevitables de la vida moderna. [&hellip;]<\/p>\n","protected":false},"author":3,"featured_media":1332,"comment_status":"closed","ping_status":"closed","sticky":false,"template":"","format":"standard","meta":{"footnotes":""},"categories":[274],"tags":[],"yoast_head":"<!-- This site is optimized with the Yoast SEO plugin v23.0 - https:\/\/yoast.com\/wordpress\/plugins\/seo\/ -->\n<title>Estr\u00e9s y ansiedad: C\u00f3mo diferenciarlos y recuperar el control<\/title>\n<meta name=\"description\" content=\"Aprende a distinguir entre estr\u00e9s y ansiedad, sus causas y s\u00edntomas. Descubre estrategias efectivas para manejarlos con Fonasa Mindy\" \/>\n<meta name=\"robots\" content=\"index, follow, max-snippet:-1, max-image-preview:large, max-video-preview:-1\" \/>\n<link rel=\"canonical\" href=\"https:\/\/fonasa.mindy.cl\/blog\/estres-y-ansiedad-como-diferenciarlos\/\" \/>\n<meta property=\"og:locale\" content=\"es_ES\" \/>\n<meta property=\"og:type\" content=\"article\" \/>\n<meta property=\"og:title\" content=\"Estr\u00e9s y ansiedad: C\u00f3mo diferenciarlos y recuperar el control\" \/>\n<meta property=\"og:description\" content=\"Aprende a distinguir entre estr\u00e9s y ansiedad, sus causas y s\u00edntomas. Descubre estrategias efectivas para manejarlos con Fonasa Mindy\" \/>\n<meta property=\"og:url\" content=\"https:\/\/fonasa.mindy.cl\/blog\/estres-y-ansiedad-como-diferenciarlos\/\" \/>\n<meta property=\"og:site_name\" content=\"Mindy Fonasa Blog\" \/>\n<meta property=\"article:published_time\" content=\"2026-01-21T13:55:56+00:00\" \/>\n<meta property=\"article:modified_time\" content=\"2026-03-24T19:20:08+00:00\" \/>\n<meta property=\"og:image\" content=\"https:\/\/fonasa.mindy.cl\/blog\/wp-content\/uploads\/2026\/01\/pexels-mart-production-8458949.jpg\" \/>\n\t<meta property=\"og:image:width\" content=\"640\" \/>\n\t<meta property=\"og:image:height\" content=\"427\" \/>\n\t<meta property=\"og:image:type\" content=\"image\/jpeg\" \/>\n<meta name=\"author\" content=\"estrategamkd@gmail.com\" \/>\n<meta name=\"twitter:card\" content=\"summary_large_image\" \/>\n<meta name=\"twitter:label1\" content=\"Written by\" \/>\n\t<meta name=\"twitter:data1\" content=\"estrategamkd@gmail.com\" \/>\n\t<meta name=\"twitter:label2\" content=\"Est. reading time\" \/>\n\t<meta name=\"twitter:data2\" content=\"12 minutos\" \/>\n<script type=\"application\/ld+json\" class=\"yoast-schema-graph\">{\"@context\":\"https:\/\/schema.org\",\"@graph\":[{\"@type\":\"Article\",\"@id\":\"https:\/\/fonasa.mindy.cl\/blog\/estres-y-ansiedad-como-diferenciarlos\/#article\",\"isPartOf\":{\"@id\":\"https:\/\/fonasa.mindy.cl\/blog\/estres-y-ansiedad-como-diferenciarlos\/\"},\"author\":{\"name\":\"estrategamkd@gmail.com\",\"@id\":\"https:\/\/fonasa.mindy.cl\/blog\/#\/schema\/person\/fa87761528fa733079f7f77181252f28\"},\"headline\":\"Estr\u00e9s y ansiedad: C\u00f3mo diferenciarlos y recuperar el control\",\"datePublished\":\"2026-01-21T13:55:56+00:00\",\"dateModified\":\"2026-03-24T19:20:08+00:00\",\"mainEntityOfPage\":{\"@id\":\"https:\/\/fonasa.mindy.cl\/blog\/estres-y-ansiedad-como-diferenciarlos\/\"},\"wordCount\":2662,\"publisher\":{\"@id\":\"https:\/\/fonasa.mindy.cl\/blog\/#organization\"},\"image\":{\"@id\":\"https:\/\/fonasa.mindy.cl\/blog\/estres-y-ansiedad-como-diferenciarlos\/#primaryimage\"},\"thumbnailUrl\":\"https:\/\/fonasa.mindy.cl\/blog\/wp-content\/uploads\/2026\/01\/pexels-mart-production-8458949.jpg\",\"articleSection\":[\"Ansiedad\"],\"inLanguage\":\"es-CL\"},{\"@type\":\"WebPage\",\"@id\":\"https:\/\/fonasa.mindy.cl\/blog\/estres-y-ansiedad-como-diferenciarlos\/\",\"url\":\"https:\/\/fonasa.mindy.cl\/blog\/estres-y-ansiedad-como-diferenciarlos\/\",\"name\":\"Estr\u00e9s y ansiedad: C\u00f3mo diferenciarlos y recuperar el control\",\"isPartOf\":{\"@id\":\"https:\/\/fonasa.mindy.cl\/blog\/#website\"},\"primaryImageOfPage\":{\"@id\":\"https:\/\/fonasa.mindy.cl\/blog\/estres-y-ansiedad-como-diferenciarlos\/#primaryimage\"},\"image\":{\"@id\":\"https:\/\/fonasa.mindy.cl\/blog\/estres-y-ansiedad-como-diferenciarlos\/#primaryimage\"},\"thumbnailUrl\":\"https:\/\/fonasa.mindy.cl\/blog\/wp-content\/uploads\/2026\/01\/pexels-mart-production-8458949.jpg\",\"datePublished\":\"2026-01-21T13:55:56+00:00\",\"dateModified\":\"2026-03-24T19:20:08+00:00\",\"description\":\"Aprende a distinguir entre estr\u00e9s y ansiedad, sus causas y s\u00edntomas. Descubre estrategias efectivas para manejarlos con Fonasa Mindy\",\"breadcrumb\":{\"@id\":\"https:\/\/fonasa.mindy.cl\/blog\/estres-y-ansiedad-como-diferenciarlos\/#breadcrumb\"},\"inLanguage\":\"es-CL\",\"potentialAction\":[{\"@type\":\"ReadAction\",\"target\":[\"https:\/\/fonasa.mindy.cl\/blog\/estres-y-ansiedad-como-diferenciarlos\/\"]}]},{\"@type\":\"ImageObject\",\"inLanguage\":\"es-CL\",\"@id\":\"https:\/\/fonasa.mindy.cl\/blog\/estres-y-ansiedad-como-diferenciarlos\/#primaryimage\",\"url\":\"https:\/\/fonasa.mindy.cl\/blog\/wp-content\/uploads\/2026\/01\/pexels-mart-production-8458949.jpg\",\"contentUrl\":\"https:\/\/fonasa.mindy.cl\/blog\/wp-content\/uploads\/2026\/01\/pexels-mart-production-8458949.jpg\",\"width\":640,\"height\":427,\"caption\":\"estr\u00e9s y ansiedad\"},{\"@type\":\"BreadcrumbList\",\"@id\":\"https:\/\/fonasa.mindy.cl\/blog\/estres-y-ansiedad-como-diferenciarlos\/#breadcrumb\",\"itemListElement\":[{\"@type\":\"ListItem\",\"position\":1,\"name\":\"Home\",\"item\":\"https:\/\/fonasa.mindy.cl\/blog\/\"},{\"@type\":\"ListItem\",\"position\":2,\"name\":\"Estr\u00e9s y ansiedad: C\u00f3mo diferenciarlos y recuperar el control\"}]},{\"@type\":\"WebSite\",\"@id\":\"https:\/\/fonasa.mindy.cl\/blog\/#website\",\"url\":\"https:\/\/fonasa.mindy.cl\/blog\/\",\"name\":\"Mindy Fonasa Blog\",\"description\":\"Un blog de salud mental\",\"publisher\":{\"@id\":\"https:\/\/fonasa.mindy.cl\/blog\/#organization\"},\"potentialAction\":[{\"@type\":\"SearchAction\",\"target\":{\"@type\":\"EntryPoint\",\"urlTemplate\":\"https:\/\/fonasa.mindy.cl\/blog\/?s={search_term_string}\"},\"query-input\":\"required name=search_term_string\"}],\"inLanguage\":\"es-CL\"},{\"@type\":\"Organization\",\"@id\":\"https:\/\/fonasa.mindy.cl\/blog\/#organization\",\"name\":\"Mindy Fonasa Blog\",\"url\":\"https:\/\/fonasa.mindy.cl\/blog\/\",\"logo\":{\"@type\":\"ImageObject\",\"inLanguage\":\"es-CL\",\"@id\":\"https:\/\/fonasa.mindy.cl\/blog\/#\/schema\/logo\/image\/\",\"url\":\"https:\/\/fonasa.mindy.cl\/blog\/wp-content\/uploads\/2024\/07\/logo_cuadrado.png\",\"contentUrl\":\"https:\/\/fonasa.mindy.cl\/blog\/wp-content\/uploads\/2024\/07\/logo_cuadrado.png\",\"width\":300,\"height\":300,\"caption\":\"Mindy Fonasa Blog\"},\"image\":{\"@id\":\"https:\/\/fonasa.mindy.cl\/blog\/#\/schema\/logo\/image\/\"}},{\"@type\":\"Person\",\"@id\":\"https:\/\/fonasa.mindy.cl\/blog\/#\/schema\/person\/fa87761528fa733079f7f77181252f28\",\"name\":\"estrategamkd@gmail.com\",\"url\":\"https:\/\/fonasa.mindy.cl\/blog\/author\/estrategamkdgmail-com\/\"}]}<\/script>\n<!-- \/ Yoast SEO plugin. -->","yoast_head_json":{"title":"Estr\u00e9s y ansiedad: C\u00f3mo diferenciarlos y recuperar el control","description":"Aprende a distinguir entre estr\u00e9s y ansiedad, sus causas y s\u00edntomas. Descubre estrategias efectivas para manejarlos con Fonasa Mindy","robots":{"index":"index","follow":"follow","max-snippet":"max-snippet:-1","max-image-preview":"max-image-preview:large","max-video-preview":"max-video-preview:-1"},"canonical":"https:\/\/fonasa.mindy.cl\/blog\/estres-y-ansiedad-como-diferenciarlos\/","og_locale":"es_ES","og_type":"article","og_title":"Estr\u00e9s y ansiedad: C\u00f3mo diferenciarlos y recuperar el control","og_description":"Aprende a distinguir entre estr\u00e9s y ansiedad, sus causas y s\u00edntomas. Descubre estrategias efectivas para manejarlos con Fonasa Mindy","og_url":"https:\/\/fonasa.mindy.cl\/blog\/estres-y-ansiedad-como-diferenciarlos\/","og_site_name":"Mindy Fonasa Blog","article_published_time":"2026-01-21T13:55:56+00:00","article_modified_time":"2026-03-24T19:20:08+00:00","og_image":[{"width":640,"height":427,"url":"https:\/\/fonasa.mindy.cl\/blog\/wp-content\/uploads\/2026\/01\/pexels-mart-production-8458949.jpg","type":"image\/jpeg"}],"author":"estrategamkd@gmail.com","twitter_card":"summary_large_image","twitter_misc":{"Written by":"estrategamkd@gmail.com","Est. reading time":"12 minutos"},"schema":{"@context":"https:\/\/schema.org","@graph":[{"@type":"Article","@id":"https:\/\/fonasa.mindy.cl\/blog\/estres-y-ansiedad-como-diferenciarlos\/#article","isPartOf":{"@id":"https:\/\/fonasa.mindy.cl\/blog\/estres-y-ansiedad-como-diferenciarlos\/"},"author":{"name":"estrategamkd@gmail.com","@id":"https:\/\/fonasa.mindy.cl\/blog\/#\/schema\/person\/fa87761528fa733079f7f77181252f28"},"headline":"Estr\u00e9s y ansiedad: C\u00f3mo diferenciarlos y recuperar el control","datePublished":"2026-01-21T13:55:56+00:00","dateModified":"2026-03-24T19:20:08+00:00","mainEntityOfPage":{"@id":"https:\/\/fonasa.mindy.cl\/blog\/estres-y-ansiedad-como-diferenciarlos\/"},"wordCount":2662,"publisher":{"@id":"https:\/\/fonasa.mindy.cl\/blog\/#organization"},"image":{"@id":"https:\/\/fonasa.mindy.cl\/blog\/estres-y-ansiedad-como-diferenciarlos\/#primaryimage"},"thumbnailUrl":"https:\/\/fonasa.mindy.cl\/blog\/wp-content\/uploads\/2026\/01\/pexels-mart-production-8458949.jpg","articleSection":["Ansiedad"],"inLanguage":"es-CL"},{"@type":"WebPage","@id":"https:\/\/fonasa.mindy.cl\/blog\/estres-y-ansiedad-como-diferenciarlos\/","url":"https:\/\/fonasa.mindy.cl\/blog\/estres-y-ansiedad-como-diferenciarlos\/","name":"Estr\u00e9s y ansiedad: C\u00f3mo diferenciarlos y recuperar el control","isPartOf":{"@id":"https:\/\/fonasa.mindy.cl\/blog\/#website"},"primaryImageOfPage":{"@id":"https:\/\/fonasa.mindy.cl\/blog\/estres-y-ansiedad-como-diferenciarlos\/#primaryimage"},"image":{"@id":"https:\/\/fonasa.mindy.cl\/blog\/estres-y-ansiedad-como-diferenciarlos\/#primaryimage"},"thumbnailUrl":"https:\/\/fonasa.mindy.cl\/blog\/wp-content\/uploads\/2026\/01\/pexels-mart-production-8458949.jpg","datePublished":"2026-01-21T13:55:56+00:00","dateModified":"2026-03-24T19:20:08+00:00","description":"Aprende a distinguir entre estr\u00e9s y ansiedad, sus causas y s\u00edntomas. Descubre estrategias efectivas para manejarlos con Fonasa Mindy","breadcrumb":{"@id":"https:\/\/fonasa.mindy.cl\/blog\/estres-y-ansiedad-como-diferenciarlos\/#breadcrumb"},"inLanguage":"es-CL","potentialAction":[{"@type":"ReadAction","target":["https:\/\/fonasa.mindy.cl\/blog\/estres-y-ansiedad-como-diferenciarlos\/"]}]},{"@type":"ImageObject","inLanguage":"es-CL","@id":"https:\/\/fonasa.mindy.cl\/blog\/estres-y-ansiedad-como-diferenciarlos\/#primaryimage","url":"https:\/\/fonasa.mindy.cl\/blog\/wp-content\/uploads\/2026\/01\/pexels-mart-production-8458949.jpg","contentUrl":"https:\/\/fonasa.mindy.cl\/blog\/wp-content\/uploads\/2026\/01\/pexels-mart-production-8458949.jpg","width":640,"height":427,"caption":"estr\u00e9s y ansiedad"},{"@type":"BreadcrumbList","@id":"https:\/\/fonasa.mindy.cl\/blog\/estres-y-ansiedad-como-diferenciarlos\/#breadcrumb","itemListElement":[{"@type":"ListItem","position":1,"name":"Home","item":"https:\/\/fonasa.mindy.cl\/blog\/"},{"@type":"ListItem","position":2,"name":"Estr\u00e9s y ansiedad: C\u00f3mo diferenciarlos y recuperar el control"}]},{"@type":"WebSite","@id":"https:\/\/fonasa.mindy.cl\/blog\/#website","url":"https:\/\/fonasa.mindy.cl\/blog\/","name":"Mindy Fonasa Blog","description":"Un blog de salud mental","publisher":{"@id":"https:\/\/fonasa.mindy.cl\/blog\/#organization"},"potentialAction":[{"@type":"SearchAction","target":{"@type":"EntryPoint","urlTemplate":"https:\/\/fonasa.mindy.cl\/blog\/?s={search_term_string}"},"query-input":"required name=search_term_string"}],"inLanguage":"es-CL"},{"@type":"Organization","@id":"https:\/\/fonasa.mindy.cl\/blog\/#organization","name":"Mindy Fonasa Blog","url":"https:\/\/fonasa.mindy.cl\/blog\/","logo":{"@type":"ImageObject","inLanguage":"es-CL","@id":"https:\/\/fonasa.mindy.cl\/blog\/#\/schema\/logo\/image\/","url":"https:\/\/fonasa.mindy.cl\/blog\/wp-content\/uploads\/2024\/07\/logo_cuadrado.png","contentUrl":"https:\/\/fonasa.mindy.cl\/blog\/wp-content\/uploads\/2024\/07\/logo_cuadrado.png","width":300,"height":300,"caption":"Mindy Fonasa Blog"},"image":{"@id":"https:\/\/fonasa.mindy.cl\/blog\/#\/schema\/logo\/image\/"}},{"@type":"Person","@id":"https:\/\/fonasa.mindy.cl\/blog\/#\/schema\/person\/fa87761528fa733079f7f77181252f28","name":"estrategamkd@gmail.com","url":"https:\/\/fonasa.mindy.cl\/blog\/author\/estrategamkdgmail-com\/"}]}},"_links":{"self":[{"href":"https:\/\/fonasa.mindy.cl\/blog\/wp-json\/wp\/v2\/posts\/1328"}],"collection":[{"href":"https:\/\/fonasa.mindy.cl\/blog\/wp-json\/wp\/v2\/posts"}],"about":[{"href":"https:\/\/fonasa.mindy.cl\/blog\/wp-json\/wp\/v2\/types\/post"}],"author":[{"embeddable":true,"href":"https:\/\/fonasa.mindy.cl\/blog\/wp-json\/wp\/v2\/users\/3"}],"replies":[{"embeddable":true,"href":"https:\/\/fonasa.mindy.cl\/blog\/wp-json\/wp\/v2\/comments?post=1328"}],"version-history":[{"count":8,"href":"https:\/\/fonasa.mindy.cl\/blog\/wp-json\/wp\/v2\/posts\/1328\/revisions"}],"predecessor-version":[{"id":1682,"href":"https:\/\/fonasa.mindy.cl\/blog\/wp-json\/wp\/v2\/posts\/1328\/revisions\/1682"}],"wp:featuredmedia":[{"embeddable":true,"href":"https:\/\/fonasa.mindy.cl\/blog\/wp-json\/wp\/v2\/media\/1332"}],"wp:attachment":[{"href":"https:\/\/fonasa.mindy.cl\/blog\/wp-json\/wp\/v2\/media?parent=1328"}],"wp:term":[{"taxonomy":"category","embeddable":true,"href":"https:\/\/fonasa.mindy.cl\/blog\/wp-json\/wp\/v2\/categories?post=1328"},{"taxonomy":"post_tag","embeddable":true,"href":"https:\/\/fonasa.mindy.cl\/blog\/wp-json\/wp\/v2\/tags?post=1328"}],"curies":[{"name":"wp","href":"https:\/\/api.w.org\/{rel}","templated":true}]}}