{"id":1315,"date":"2026-01-20T19:26:33","date_gmt":"2026-01-20T22:26:33","guid":{"rendered":"https:\/\/fonasa.mindy.cl\/blog\/?p=1315"},"modified":"2026-04-21T17:46:17","modified_gmt":"2026-04-21T21:46:17","slug":"depresion-infantil","status":"publish","type":"post","link":"https:\/\/fonasa.mindy.cl\/blog\/depresion-infantil\/","title":{"rendered":"Depresi\u00f3n infantil: C\u00f3mo detectarla y apoyar a tus hijos"},"content":{"rendered":"\n<p>Ver a un hijo sufrir en silencio es una de las experiencias m\u00e1s angustiantes para cualquier padre o cuidador. A menudo, tendemos a pensar que la infancia es una etapa de felicidad absoluta y juegos constantes, pero la realidad es que los ni\u00f1os tambi\u00e9n enfrentan desaf\u00edos emocionales profundos que pueden derivar en una <strong>depresi\u00f3n infantil<\/strong>. Este trastorno va mucho m\u00e1s all\u00e1 de una tristeza pasajera o un mal d\u00eda en el colegio; es una condici\u00f3n cl\u00ednica que afecta el desarrollo, el aprendizaje y los v\u00ednculos afectivos. <\/p>\n\n\n\n<p>En este art\u00edculo, exploraremos de manera detallada y basada en evidencia cient\u00edfica c\u00f3mo identificar las se\u00f1ales de alerta, qu\u00e9 ocurre en el cerebro de los m\u00e1s peque\u00f1os y de qu\u00e9 manera puedes buscar ayuda profesional para devolverles el bienestar que merecen.<\/p>\n\n\n\n<h2 class=\"wp-block-heading has-x-large-font-size\">Comprendiendo el impacto de la depresi\u00f3n infantil hoy<\/h2>\n\n\n\n<p>Cuando hablamos de salud mental en la ni\u00f1ez, es fundamental derribar el mito de que los ni\u00f1os no tienen preocupaciones &#8220;reales&#8221;. La <strong>depresi\u00f3n infantil<\/strong> es un trastorno del estado de \u00e1nimo que se manifiesta de forma distinta a la de los adultos. Mientras que un adulto los <strong><a href=\"https:\/\/fonasa.mindy.cl\/blog\/trastornos-depresivos-mas-que-tristeza-y-como-superarla\/\">trastornos depresivos<\/a><\/strong> no son un simple estado de \u00e1nimo, sino un grupo de condiciones m\u00e9dicas serias que afectan profundamente la forma en que una persona piensa, siente y act\u00faa. <\/p>\n\n\n\n<p>En cambio un ni\u00f1o con depresi\u00f3n puede mostrarse extremadamente irritable, desafiante o incluso presentar dolores f\u00edsicos sin causa m\u00e9dica aparente. La comprensi\u00f3n de este fen\u00f3meno requiere una mirada sensible que valide las emociones del menor sin juzgarlas.<\/p>\n\n\n\n<p>La investigaci\u00f3n indica que el desarrollo emocional temprano es el cimiento de la salud mental futura. Un ni\u00f1o que no recibe el apoyo adecuado durante un episodio depresivo puede enfrentar dificultades cr\u00f3nicas en su adolescencia. Por ello, la detecci\u00f3n precoz no es solo una medida de alivio inmediato, sino una <strong>inversi\u00f3n en su futuro<\/strong>. Es importante entender que este cuadro no es culpa de los padres ni una se\u00f1al de debilidad en el ni\u00f1o, sino una combinaci\u00f3n compleja de factores biol\u00f3gicos, psicol\u00f3gicos y ambientales que requieren un abordaje profesional.<\/p>\n\n\n\n<p>En el contexto actual, las presiones sociales y el acceso temprano a la tecnolog\u00eda han modificado la forma en que los ni\u00f1os procesan el estr\u00e9s. Esto ha hecho que las consultas por trastornos del \u00e1nimo aumenten significativamente. Identificar si el comportamiento de tu hijo es una etapa del desarrollo o una se\u00f1al de alerta es el primer paso para ofrecerle el entorno seguro que necesita para sanar y volver a conectar con su entorno.<\/p>\n\n\n\n<h3 class=\"wp-block-heading has-large-font-size\">Diferencias entre la tristeza normal y el trastorno cl\u00ednico<\/h3>\n\n\n\n<p>Es natural que un ni\u00f1o se sienta triste ante la p\u00e9rdida de una mascota, un cambio de casa o una mala nota. Sin embargo, la diferencia fundamental radica en la <strong>intensidad y la duraci\u00f3n<\/strong> de estos sentimientos. La tristeza com\u00fan es transitoria y suele ceder ante est\u00edmulos positivos o el paso de los d\u00edas. En cambio, cuando existe un cuadro cl\u00ednico, el malestar persiste por semanas e interfiere con sus actividades cotidianas, como jugar, comer o ir a la escuela.<\/p>\n\n\n\n<h3 class=\"wp-block-heading has-large-font-size\">El estigma de la salud mental en la infancia<\/h3>\n\n\n\n<p>Todav\u00eda existe un fuerte estigma que rodea a los diagn\u00f3sticos psicol\u00f3gicos en menores. Muchos cuidadores temen que etiquetar a un ni\u00f1o pueda perjudicar su futuro. No obstante, el diagn\u00f3stico es simplemente una herramienta para encontrar el <strong>tratamiento adecuado<\/strong>. Ignorar los s\u00edntomas por temor al &#8220;qu\u00e9 dir\u00e1n&#8221; solo prolonga el sufrimiento del peque\u00f1o. El enfoque moderno busca despatologizar la infancia, viendo al ni\u00f1o como un ser integral que atraviesa una dificultad que, con el apoyo correcto, puede superar con \u00e9xito.<\/p>\n\n\n\n<h2 class=\"wp-block-heading has-x-large-font-size\">Causas y factores que gatillan la depresi\u00f3n infantil<\/h2>\n\n\n\n<figure class=\"wp-block-image alignwide size-full\"><img loading=\"lazy\" decoding=\"async\" width=\"640\" height=\"427\" src=\"https:\/\/fonasa.mindy.cl\/blog\/wp-content\/uploads\/2026\/01\/pexels-rdne-6936327.jpg\" alt=\"depresi\u00f3n infantil\" class=\"wp-image-1319\"\/><\/figure>\n\n\n\n<p>La aparici\u00f3n de este trastorno no se debe a un \u00fanico evento, sino a una red de variables que interact\u00faan entre s\u00ed. Desde la perspectiva de la <strong>neurociencia<\/strong>, se sabe que existen desequilibrios en ciertos neurotransmisores, como la serotonina y la dopamina, que son los encargados de regular el placer y la estabilidad emocional. Cuando estos componentes qu\u00edmicos no funcionan de manera \u00f3ptima, el cerebro del ni\u00f1o tiene dificultades para procesar las experiencias positivas, sumi\u00e9ndose en un estado de letargo o hiperreactividad.<\/p>\n\n\n\n<p>Adem\u00e1s del componente biol\u00f3gico, el entorno juega un rol crucial. Los ni\u00f1os son como esponjas que absorben el clima emocional de su hogar. Situaciones de estr\u00e9s cr\u00f3nico, conflictos familiares intensos o la falta de un <strong>v\u00ednculo de apego seguro<\/strong> pueden vulnerar su resiliencia. La investigaci\u00f3n demuestra que el cerebro infantil es altamente pl\u00e1stico, lo que significa que es muy sensible a las experiencias negativas, pero tambi\u00e9n tiene una capacidad incre\u00edble para recuperarse si se interviene a tiempo.<\/p>\n\n\n\n<ol start=\"1\">\n<li><strong>Predisposici\u00f3n gen\u00e9tica:<\/strong> Los antecedentes familiares de trastornos del \u00e1nimo pueden aumentar la vulnerabilidad biol\u00f3gica del menor.<\/li>\n\n\n\n<li><strong>Factores ambientales:<\/strong> Situaciones como el acoso escolar (bullying), la p\u00e9rdida de un ser querido o el aislamiento social son detonantes frecuentes.<\/li>\n\n\n\n<li><strong>Rasgos de personalidad:<\/strong> Ni\u00f1os con una tendencia al perfeccionismo extremo o baja autoestima suelen ser m\u00e1s propensos a desarrollar cuadros depresivos.<\/li>\n\n\n\n<li><strong>Enfermedades cr\u00f3nicas:<\/strong> El padecimiento de patolog\u00edas f\u00edsicas persistentes puede mermar el \u00e1nimo del ni\u00f1o debido a las limitaciones que estas imponen.<\/li>\n<\/ol>\n\n\n\n<h3 class=\"wp-block-heading has-large-font-size\">La base neurobiol\u00f3gica de la depresi\u00f3n infantil<\/h3>\n\n\n\n<p>Para entender qu\u00e9 siente un ni\u00f1o, debemos mirar hacia su interior. Los estudios demuestran que, durante un episodio depresivo, la am\u00edgdala \u2014el centro del miedo en el cerebro\u2014 puede estar hiperactiva, mientras que el c\u00f3rtex prefrontal, encargado de regular las emociones, muestra una menor actividad. Esto explica por qu\u00e9 un ni\u00f1o puede sentirse abrumado por problemas peque\u00f1os; su cerebro est\u00e1 literalmente en un estado de <strong>alerta constante<\/strong> que no le permite racionalizar sus sentimientos.<\/p>\n\n\n\n<p>Esta desregulaci\u00f3n qu\u00edmica tambi\u00e9n afecta los ciclos del sue\u00f1o y el apetito. Es com\u00fan que los ni\u00f1os tengan pesadillas frecuentes o que pierdan el inter\u00e9s por sus comidas favoritas. Al comprender que existe una base org\u00e1nica detr\u00e1s de su comportamiento, los padres pueden pasar de la frustraci\u00f3n (&#8220;mi hijo es porfiado&#8221;) a la <strong>empat\u00eda activa<\/strong> (&#8220;mi hijo est\u00e1 sufriendo y su cerebro necesita ayuda para regularse&#8221;).<\/p>\n\n\n\n<h3 class=\"wp-block-heading has-large-font-size\">El impacto de las redes sociales y la tecnolog\u00eda<\/h3>\n\n\n\n<p>En la era digital, los ni\u00f1os est\u00e1n expuestos a una cantidad de informaci\u00f3n y comparaci\u00f3n social sin precedentes. La b\u00fasqueda de validaci\u00f3n externa a trav\u00e9s de pantallas puede generar sentimientos de insuficiencia. Si bien la tecnolog\u00eda es una herramienta \u00fatil, su uso excesivo sin supervisi\u00f3n se ha vinculado con mayores tasas de ansiedad y des\u00e1nimo en menores, quienes a\u00fan no cuentan con las herramientas cognitivas para filtrar el contenido que consumen.<\/p>\n\n\n\n<h2 class=\"wp-block-heading has-x-large-font-size\">S\u00edntomas clave para reconocer la depresion infantil<\/h2>\n\n\n\n<p>Detectar los s\u00edntomas en la infancia requiere una observaci\u00f3n aguda, ya que los ni\u00f1os no siempre tienen el vocabulario emocional para decir &#8220;me siento deprimido&#8221;. En su lugar, el cuerpo y la conducta hablan por ellos. La <strong>irritabilidad<\/strong> es, quiz\u00e1s, el s\u00edntoma m\u00e1s com\u00fan y el m\u00e1s incomprendido. Un ni\u00f1o que contesta mal, que tiene explosiones de ira frecuentes o que parece estar siempre &#8220;enojado con el mundo&#8221;, podr\u00eda estar manifestando su dolor interno de esa manera.<\/p>\n\n\n\n<p>Otro aspecto fundamental es la <strong>anhedonia<\/strong>, que es la p\u00e9rdida de inter\u00e9s en actividades que antes disfrutaba. Si un ni\u00f1o que amaba jugar f\u00fatbol o dibujar de pronto deja de hacerlo y prefiere quedarse encerrado o simplemente &#8220;no hacer nada&#8221;, es una se\u00f1al de que algo no est\u00e1 bien. El retraimiento social, evitar el contacto con amigos y la disminuci\u00f3n del rendimiento escolar son piezas de un rompecabezas que los adultos deben aprender a armar.<\/p>\n\n\n\n<ul>\n<li><strong>Cambios en el apetito:<\/strong> Aumento o p\u00e9rdida de peso significativa sin causas f\u00edsicas evidentes.<\/li>\n\n\n\n<li><strong>Alteraciones del sue\u00f1o:<\/strong> Dificultad para conciliar el sue\u00f1o, despertar nocturno o dormir en exceso durante el d\u00eda.<\/li>\n\n\n\n<li><strong>Quejas som\u00e1ticas:<\/strong> Dolores de cabeza, de guatita o cansancio cr\u00f3nico que no mejoran con medicaci\u00f3n convencional.<\/li>\n\n\n\n<li><strong>Sentimientos de culpa:<\/strong> Expresiones de inutilidad o creer que son &#8220;malos ni\u00f1os&#8221; por situaciones fuera de su control.<\/li>\n<\/ul>\n\n\n\n<h3 class=\"wp-block-heading has-large-font-size\">Variaciones en la depresi\u00f3n infantil seg\u00fan la edad<\/h3>\n\n\n\n<p>Es vital entender que la sintomatolog\u00eda var\u00eda seg\u00fan la etapa del desarrollo. En ni\u00f1os preescolares, la <strong>depresion infantil<\/strong> suele manifestarse a trav\u00e9s de un estancamiento en el desarrollo, como volver a orinar la cama (enuresis) o ansiedad de separaci\u00f3n extrema. En ni\u00f1os en edad escolar, los problemas de conducta y las quejas f\u00edsicas suelen ser predominantes. A medida que se acercan a la preadolescencia, los s\u00edntomas de <strong><a href=\"https:\/\/fonasa.mindy.cl\/blog\/ansiedad-en-adolescentes\/\">ansiedad en adolescentes<\/a><\/strong> se asemejan m\u00e1s a los del adulto, incluyendo pensamientos de desesperanza.<\/p>\n\n\n\n<h3 class=\"wp-block-heading has-large-font-size\">El entorno escolar como espejo del \u00e1nimo<\/h3>\n\n\n\n<p>El colegio es el escenario donde los ni\u00f1os pasan la mayor parte de su tiempo. Un descenso brusco en las calificaciones o reportes constantes de &#8220;falta de concentraci\u00f3n&#8221; por parte de los profesores no siempre indican un trastorno de aprendizaje. Muchas veces, el ni\u00f1o est\u00e1 tan consumido por su <strong>malestar emocional<\/strong> que no tiene energ\u00eda mental disponible para las matem\u00e1ticas o el lenguaje. La coordinaci\u00f3n entre la familia y la escuela es esencial para crear una red de apoyo s\u00f3lida.<\/p>\n\n\n\n<h2 class=\"wp-block-heading has-x-large-font-size\">Caminos de recuperaci\u00f3n ante la depresi\u00f3n infantil<\/h2>\n\n\n\n<figure class=\"wp-block-image size-full\"><img loading=\"lazy\" decoding=\"async\" width=\"1280\" height=\"939\" src=\"https:\/\/fonasa.mindy.cl\/blog\/wp-content\/uploads\/2026\/01\/childhood-454264_1280.jpg\" alt=\"depresi\u00f3n infantil\" class=\"wp-image-1320\"\/><\/figure>\n\n\n\n<p>El tratamiento de los trastornos del \u00e1nimo en la ni\u00f1ez es altamente efectivo cuando se aborda de forma integral. La <strong>terapia cognitivo-conductual<\/strong> (TCC) es uno de los enfoques con mayor respaldo cient\u00edfico. Este tipo de intervenci\u00f3n ayuda al ni\u00f1o a identificar pensamientos negativos y reemplazarlos por otros m\u00e1s realistas, adem\u00e1s de entregarle herramientas para gestionar sus emociones de manera saludable. En el caso de los m\u00e1s peque\u00f1os, la <strong>terapia de juego<\/strong> es la herramienta por excelencia, ya que permite que el menor proyecte su mundo interno a trav\u00e9s de juguetes y din\u00e1micas simb\u00f3licas.<\/p>\n\n\n\n<p>La participaci\u00f3n de la familia no es opcional, es determinante. Los padres aprenden estrategias de crianza positiva, comunicaci\u00f3n asertiva y validaci\u00f3n emocional. En algunos casos, cuando los s\u00edntomas son muy severos y ponen en riesgo la integridad del menor, se puede considerar el apoyo farmacol\u00f3gico supervisado por un psiquiatra infantil, siempre como complemento de la terapia psicol\u00f3gica.<\/p>\n\n\n\n<ol start=\"1\">\n<li><strong>Evaluaci\u00f3n diagn\u00f3stica:<\/strong> Realizada por un psic\u00f3logo o psiquiatra para descartar otras condiciones m\u00e9dicas.<\/li>\n\n\n\n<li><strong>Psicoterapia individual:<\/strong> Espacio seguro donde el ni\u00f1o puede expresarse libremente con un profesional.<\/li>\n\n\n\n<li><strong>Orientaci\u00f3n a padres:<\/strong> Sesiones dedicadas a entregar pautas de manejo conductual y emocional en el hogar.<\/li>\n\n\n\n<li><strong>Intervenci\u00f3n escolar:<\/strong> Adecuaciones temporales en el colegio para reducir la presi\u00f3n sobre el estudiante mientras se recupera.<\/li>\n<\/ol>\n\n\n\n<h3 class=\"wp-block-heading has-large-font-size\">El rol de la validaci\u00f3n emocional<\/h3>\n\n\n\n<p>Uno de los mayores errores que cometemos como adultos es intentar &#8220;animar&#8221; al ni\u00f1o con frases como &#8220;no es para tanto&#8221; o &#8220;tienes todo para ser feliz&#8221;. Estas frases, aunque bienintencionadas, invalidan el sentimiento del menor y lo hacen sentir incomprendido. La clave est\u00e1 en la <strong>escucha activa<\/strong>. Validar significa decirle: &#8220;Entiendo que te sientas as\u00ed, estoy aqu\u00ed contigo y vamos a buscar una soluci\u00f3n juntos&#8221;. Este simple cambio de enfoque reduce la resistencia del ni\u00f1o y fortalece el v\u00ednculo terap\u00e9utico.<\/p>\n\n\n\n<h3 class=\"wp-block-heading has-large-font-size\">H\u00e1bitos saludables como apoyo al tratamiento<\/h3>\n\n\n\n<p>M\u00e1s all\u00e1 de la terapia, existen cambios en el estilo de vida que favorecen la regulaci\u00f3n del estado de \u00e1nimo. Mantener rutinas claras proporciona una sensaci\u00f3n de <strong>seguridad y predictibilidad<\/strong> que es muy necesaria para un cerebro estresado. Fomentar la actividad f\u00edsica al aire libre, limitar el tiempo de pantallas y asegurar una alimentaci\u00f3n balanceada son pilares que sostienen el proceso de sanaci\u00f3n y ayudan a estabilizar los niveles de energ\u00eda del ni\u00f1o.<\/p>\n\n\n\n<h2 class=\"wp-block-heading has-x-large-font-size\">Fonasa Mindy: Especialistas en depresi\u00f3n infantil<\/h2>\n\n\n\n<p>Entendemos que buscar ayuda profesional puede generar dudas, especialmente sobre la accesibilidad y el costo. En <strong><a href=\"https:\/\/fonasa.mindy.cl\/#\/\">Fonasa Mindy<\/a><\/strong>, nuestra misi\u00f3n es democratizar la salud mental de calidad para todas las familias en Chile. Contamos con una red de profesionales especializados en <strong><a href=\"https:\/\/fonasa.mindy.cl\/blog\/psicologia-infantil-fonasa\/\">psicolog\u00eda infantil Fonasa<\/a><\/strong> que comprenden las complejidades de este trastorno y ofrecen un enfoque c\u00e1lido y efectivo a trav\u00e9s de la telemedicina.<\/p>\n\n\n\n<p>\u00bfPor qu\u00e9 elegir nuestro servicio consultado una <strong><a href=\"https:\/\/fonasa.mindy.cl\/blog\/psicologa-infantil-fonasa\/\">psic\u00f3loga infantil con Fonasa<\/a><\/strong> para tu hijo?<\/p>\n\n\n\n<ul>\n<li>Acceso con el beneficio de tu previsi\u00f3n de salud para que el costo no sea una barrera.<\/li>\n\n\n\n<li>Psic\u00f3logos expertos en t\u00e9cnicas adaptadas para ni\u00f1os y preadolescentes.<\/li>\n\n\n\n<li>Comodidad de realizar las sesiones desde tu hogar, reduciendo el estr\u00e9s del traslado para el ni\u00f1o.<\/li>\n\n\n\n<li>Flexibilidad horaria que permite compatibilizar la terapia con las actividades escolares.<\/li>\n<\/ul>\n\n\n\n<p>Para comenzar este proceso de apoyo, puedes conocer a nuestro equipo y agendar una sesi\u00f3n en el siguiente enlace: <strong><a target=\"_blank\" rel=\"noreferrer noopener\" href=\"https:\/\/fonasa.mindy.cl\/psicologos.php#\/\">Psic\u00f3logos online Fonasa Mindy<\/a><\/strong>.<\/p>\n\n\n\n<p>Superar la <strong>depresi\u00f3n infantil<\/strong> es un proceso que requiere paciencia, amor y, sobre todo, orientaci\u00f3n profesional. Como padres, el paso m\u00e1s valiente que pueden dar es reconocer que necesitan apoyo externo para guiar a su hijo hacia la luz. Recuerda que no est\u00e1s solo en esto; la salud mental es un derecho y existen herramientas efectivas para que tu hijo recupere su sonrisa y su capacidad de asombro. El bienestar emocional de tu familia es la prioridad, y dar el primer paso hoy marcar\u00e1 la diferencia en el ma\u00f1ana de tus seres m\u00e1s queridos.<\/p>\n\n\n\n<p>Te invitamos a no postergar esta decisi\u00f3n. Puedes encontrar m\u00e1s informaci\u00f3n y agendar tu primera consulta en <strong><a href=\"https:\/\/fonasa.mindy.cl\/#\/\" target=\"_blank\" rel=\"noreferrer noopener\"><\/a><strong><a href=\"https:\/\/fonasa.mindy.cl\/#\/\">Fonasa Mindy<\/a><\/strong><\/strong> o explorar todos nuestros servicios generales en <strong><a href=\"https:\/\/mindy.cl\/\" target=\"_blank\" rel=\"noreferrer noopener\">Mindy<\/a><\/strong>.<\/p>\n\n\n\n<h2 class=\"wp-block-heading has-x-large-font-size\">\u00bfRealmente sabes c\u00f3mo est\u00e1 tu salud emocional?<\/h2>\n\n\n\n<p>No siempre es f\u00e1cil identificar cu\u00e1ndo la tristeza se convierte en algo m\u00e1s. Por eso, en&nbsp;<strong>Fonasa.Mindy.cl<\/strong>&nbsp;te invitamos a tomarte 5 minutos para realizar nuestro Quiz gratuito. Obt\u00e9n una orientaci\u00f3n inicial sobre tus niveles de depresi\u00f3n y descubre cu\u00e1l es el camino hacia la terapia que realmente necesitas. Da el primer paso sin compromiso.<\/p>\n\n\n\n<p><span style=\"color: rgb(15, 17, 21); font-family: quote-cjk-patch, Inter, system-ui, -apple-system, BlinkMacSystemFont, &quot;Segoe UI&quot;, Roboto, Oxygen, Ubuntu, Cantarell, &quot;Open Sans&quot;, &quot;Helvetica Neue&quot;, sans-serif; font-size: 16px; white-space-collapse: collapse; background-color: rgb(255, 255, 255);\">\ud83d\udc49&nbsp;<\/span><span style=\"font-weight: 600; color: rgb(15, 17, 21); font-family: quote-cjk-patch, Inter, system-ui, -apple-system, BlinkMacSystemFont, &quot;Segoe UI&quot;, Roboto, Oxygen, Ubuntu, Cantarell, &quot;Open Sans&quot;, &quot;Helvetica Neue&quot;, sans-serif; font-size: 16px; white-space-collapse: collapse; background-color: rgb(255, 255, 255);\">Accede aqu\u00ed:<\/span><span style=\"color: rgb(15, 17, 21); font-family: quote-cjk-patch, Inter, system-ui, -apple-system, BlinkMacSystemFont, &quot;Segoe UI&quot;, Roboto, Oxygen, Ubuntu, Cantarell, &quot;Open Sans&quot;, &quot;Helvetica Neue&quot;, sans-serif; font-size: 16px; white-space-collapse: collapse; background-color: rgb(255, 255, 255);\">&nbsp;<\/span><a style=\"color: rgb(57, 100, 254); transition-duration: 0.2s; transition-timing-function: cubic-bezier(0.4, 0, 0.2, 1); transition-property: box-shadow; border-width: 1.78571px 2.67857px; border-color: rgba(255, 255, 255, 0); margin-left: -3px; margin-right: -3px; text-decoration-line: underline; text-decoration-color: rgb(57, 100, 254); position: relative; outline-style: none; outline-width: initial; font-family: quote-cjk-patch, Inter, system-ui, -apple-system, BlinkMacSystemFont, &quot;Segoe UI&quot;, Roboto, Oxygen, Ubuntu, Cantarell, &quot;Open Sans&quot;, &quot;Helvetica Neue&quot;, sans-serif; font-size: 16px; white-space-collapse: collapse; background-color: rgb(255, 255, 255);\" href=\"https:\/\/form.typeform.com\/to\/P78CVEPt\" target=\"_blank\" rel=\"noreferrer noopener\">https:\/\/form.typeform.com\/to\/P78CVEPt<\/a><\/p>\n","protected":false},"excerpt":{"rendered":"<p>Ver a un hijo sufrir en silencio es una de las experiencias m\u00e1s angustiantes para cualquier padre o cuidador. A menudo, tendemos a pensar que la infancia es una etapa de felicidad absoluta y juegos constantes, pero la realidad es que los ni\u00f1os tambi\u00e9n enfrentan desaf\u00edos emocionales profundos que pueden derivar en una depresi\u00f3n infantil. [&hellip;]<\/p>\n","protected":false},"author":3,"featured_media":1318,"comment_status":"closed","ping_status":"closed","sticky":false,"template":"","format":"standard","meta":{"footnotes":""},"categories":[278],"tags":[],"yoast_head":"<!-- This site is optimized with the Yoast SEO plugin v23.0 - https:\/\/yoast.com\/wordpress\/plugins\/seo\/ -->\n<title>Depresi\u00f3n infantil: C\u00f3mo detectarla y apoyar a tus hijos<\/title>\n<meta name=\"description\" content=\"Entiende qu\u00e9 es la depresi\u00f3n infantil, sus s\u00edntomas y c\u00f3mo acceder a tratamiento profesional con Fonasa Mindy.\" \/>\n<meta name=\"robots\" content=\"index, follow, max-snippet:-1, max-image-preview:large, max-video-preview:-1\" \/>\n<link rel=\"canonical\" href=\"https:\/\/fonasa.mindy.cl\/blog\/depresion-infantil\/\" \/>\n<meta property=\"og:locale\" content=\"es_ES\" \/>\n<meta property=\"og:type\" content=\"article\" \/>\n<meta property=\"og:title\" content=\"Depresi\u00f3n infantil: C\u00f3mo detectarla y apoyar a tus hijos\" \/>\n<meta property=\"og:description\" content=\"Entiende qu\u00e9 es la depresi\u00f3n infantil, sus s\u00edntomas y c\u00f3mo acceder a tratamiento profesional con Fonasa Mindy.\" \/>\n<meta property=\"og:url\" content=\"https:\/\/fonasa.mindy.cl\/blog\/depresion-infantil\/\" \/>\n<meta property=\"og:site_name\" content=\"Mindy Fonasa Blog\" \/>\n<meta property=\"article:published_time\" content=\"2026-01-20T22:26:33+00:00\" \/>\n<meta property=\"article:modified_time\" content=\"2026-04-21T21:46:17+00:00\" \/>\n<meta property=\"og:image\" content=\"https:\/\/fonasa.mindy.cl\/blog\/wp-content\/uploads\/2026\/01\/pexels-pixabay-256657.jpg\" \/>\n\t<meta property=\"og:image:width\" content=\"640\" \/>\n\t<meta property=\"og:image:height\" content=\"427\" \/>\n\t<meta property=\"og:image:type\" content=\"image\/jpeg\" \/>\n<meta name=\"author\" content=\"estrategamkd@gmail.com\" \/>\n<meta name=\"twitter:card\" content=\"summary_large_image\" \/>\n<meta name=\"twitter:label1\" content=\"Written by\" \/>\n\t<meta name=\"twitter:data1\" content=\"estrategamkd@gmail.com\" \/>\n\t<meta name=\"twitter:label2\" content=\"Est. reading time\" \/>\n\t<meta name=\"twitter:data2\" content=\"11 minutos\" \/>\n<script type=\"application\/ld+json\" class=\"yoast-schema-graph\">{\"@context\":\"https:\/\/schema.org\",\"@graph\":[{\"@type\":\"Article\",\"@id\":\"https:\/\/fonasa.mindy.cl\/blog\/depresion-infantil\/#article\",\"isPartOf\":{\"@id\":\"https:\/\/fonasa.mindy.cl\/blog\/depresion-infantil\/\"},\"author\":{\"name\":\"estrategamkd@gmail.com\",\"@id\":\"https:\/\/fonasa.mindy.cl\/blog\/#\/schema\/person\/fa87761528fa733079f7f77181252f28\"},\"headline\":\"Depresi\u00f3n infantil: C\u00f3mo detectarla y apoyar a tus hijos\",\"datePublished\":\"2026-01-20T22:26:33+00:00\",\"dateModified\":\"2026-04-21T21:46:17+00:00\",\"mainEntityOfPage\":{\"@id\":\"https:\/\/fonasa.mindy.cl\/blog\/depresion-infantil\/\"},\"wordCount\":2443,\"publisher\":{\"@id\":\"https:\/\/fonasa.mindy.cl\/blog\/#organization\"},\"image\":{\"@id\":\"https:\/\/fonasa.mindy.cl\/blog\/depresion-infantil\/#primaryimage\"},\"thumbnailUrl\":\"https:\/\/fonasa.mindy.cl\/blog\/wp-content\/uploads\/2026\/01\/pexels-pixabay-256657.jpg\",\"articleSection\":[\"Depresi\u00f3n\"],\"inLanguage\":\"es-CL\"},{\"@type\":\"WebPage\",\"@id\":\"https:\/\/fonasa.mindy.cl\/blog\/depresion-infantil\/\",\"url\":\"https:\/\/fonasa.mindy.cl\/blog\/depresion-infantil\/\",\"name\":\"Depresi\u00f3n infantil: C\u00f3mo detectarla y apoyar a tus hijos\",\"isPartOf\":{\"@id\":\"https:\/\/fonasa.mindy.cl\/blog\/#website\"},\"primaryImageOfPage\":{\"@id\":\"https:\/\/fonasa.mindy.cl\/blog\/depresion-infantil\/#primaryimage\"},\"image\":{\"@id\":\"https:\/\/fonasa.mindy.cl\/blog\/depresion-infantil\/#primaryimage\"},\"thumbnailUrl\":\"https:\/\/fonasa.mindy.cl\/blog\/wp-content\/uploads\/2026\/01\/pexels-pixabay-256657.jpg\",\"datePublished\":\"2026-01-20T22:26:33+00:00\",\"dateModified\":\"2026-04-21T21:46:17+00:00\",\"description\":\"Entiende qu\u00e9 es la depresi\u00f3n infantil, sus s\u00edntomas y c\u00f3mo acceder a tratamiento profesional con Fonasa Mindy.\",\"breadcrumb\":{\"@id\":\"https:\/\/fonasa.mindy.cl\/blog\/depresion-infantil\/#breadcrumb\"},\"inLanguage\":\"es-CL\",\"potentialAction\":[{\"@type\":\"ReadAction\",\"target\":[\"https:\/\/fonasa.mindy.cl\/blog\/depresion-infantil\/\"]}]},{\"@type\":\"ImageObject\",\"inLanguage\":\"es-CL\",\"@id\":\"https:\/\/fonasa.mindy.cl\/blog\/depresion-infantil\/#primaryimage\",\"url\":\"https:\/\/fonasa.mindy.cl\/blog\/wp-content\/uploads\/2026\/01\/pexels-pixabay-256657.jpg\",\"contentUrl\":\"https:\/\/fonasa.mindy.cl\/blog\/wp-content\/uploads\/2026\/01\/pexels-pixabay-256657.jpg\",\"width\":640,\"height\":427,\"caption\":\"depresi\u00f3n infantil\"},{\"@type\":\"BreadcrumbList\",\"@id\":\"https:\/\/fonasa.mindy.cl\/blog\/depresion-infantil\/#breadcrumb\",\"itemListElement\":[{\"@type\":\"ListItem\",\"position\":1,\"name\":\"Home\",\"item\":\"https:\/\/fonasa.mindy.cl\/blog\/\"},{\"@type\":\"ListItem\",\"position\":2,\"name\":\"Depresi\u00f3n infantil: C\u00f3mo detectarla y apoyar a tus hijos\"}]},{\"@type\":\"WebSite\",\"@id\":\"https:\/\/fonasa.mindy.cl\/blog\/#website\",\"url\":\"https:\/\/fonasa.mindy.cl\/blog\/\",\"name\":\"Mindy Fonasa Blog\",\"description\":\"Un blog de salud mental\",\"publisher\":{\"@id\":\"https:\/\/fonasa.mindy.cl\/blog\/#organization\"},\"potentialAction\":[{\"@type\":\"SearchAction\",\"target\":{\"@type\":\"EntryPoint\",\"urlTemplate\":\"https:\/\/fonasa.mindy.cl\/blog\/?s={search_term_string}\"},\"query-input\":\"required name=search_term_string\"}],\"inLanguage\":\"es-CL\"},{\"@type\":\"Organization\",\"@id\":\"https:\/\/fonasa.mindy.cl\/blog\/#organization\",\"name\":\"Mindy Fonasa Blog\",\"url\":\"https:\/\/fonasa.mindy.cl\/blog\/\",\"logo\":{\"@type\":\"ImageObject\",\"inLanguage\":\"es-CL\",\"@id\":\"https:\/\/fonasa.mindy.cl\/blog\/#\/schema\/logo\/image\/\",\"url\":\"https:\/\/fonasa.mindy.cl\/blog\/wp-content\/uploads\/2024\/07\/logo_cuadrado.png\",\"contentUrl\":\"https:\/\/fonasa.mindy.cl\/blog\/wp-content\/uploads\/2024\/07\/logo_cuadrado.png\",\"width\":300,\"height\":300,\"caption\":\"Mindy Fonasa Blog\"},\"image\":{\"@id\":\"https:\/\/fonasa.mindy.cl\/blog\/#\/schema\/logo\/image\/\"}},{\"@type\":\"Person\",\"@id\":\"https:\/\/fonasa.mindy.cl\/blog\/#\/schema\/person\/fa87761528fa733079f7f77181252f28\",\"name\":\"estrategamkd@gmail.com\",\"url\":\"https:\/\/fonasa.mindy.cl\/blog\/author\/estrategamkdgmail-com\/\"}]}<\/script>\n<!-- \/ Yoast SEO plugin. -->","yoast_head_json":{"title":"Depresi\u00f3n infantil: C\u00f3mo detectarla y apoyar a tus hijos","description":"Entiende qu\u00e9 es la depresi\u00f3n infantil, sus s\u00edntomas y c\u00f3mo acceder a tratamiento profesional con Fonasa Mindy.","robots":{"index":"index","follow":"follow","max-snippet":"max-snippet:-1","max-image-preview":"max-image-preview:large","max-video-preview":"max-video-preview:-1"},"canonical":"https:\/\/fonasa.mindy.cl\/blog\/depresion-infantil\/","og_locale":"es_ES","og_type":"article","og_title":"Depresi\u00f3n infantil: C\u00f3mo detectarla y apoyar a tus hijos","og_description":"Entiende qu\u00e9 es la depresi\u00f3n infantil, sus s\u00edntomas y c\u00f3mo acceder a tratamiento profesional con Fonasa Mindy.","og_url":"https:\/\/fonasa.mindy.cl\/blog\/depresion-infantil\/","og_site_name":"Mindy Fonasa Blog","article_published_time":"2026-01-20T22:26:33+00:00","article_modified_time":"2026-04-21T21:46:17+00:00","og_image":[{"width":640,"height":427,"url":"https:\/\/fonasa.mindy.cl\/blog\/wp-content\/uploads\/2026\/01\/pexels-pixabay-256657.jpg","type":"image\/jpeg"}],"author":"estrategamkd@gmail.com","twitter_card":"summary_large_image","twitter_misc":{"Written by":"estrategamkd@gmail.com","Est. reading time":"11 minutos"},"schema":{"@context":"https:\/\/schema.org","@graph":[{"@type":"Article","@id":"https:\/\/fonasa.mindy.cl\/blog\/depresion-infantil\/#article","isPartOf":{"@id":"https:\/\/fonasa.mindy.cl\/blog\/depresion-infantil\/"},"author":{"name":"estrategamkd@gmail.com","@id":"https:\/\/fonasa.mindy.cl\/blog\/#\/schema\/person\/fa87761528fa733079f7f77181252f28"},"headline":"Depresi\u00f3n infantil: C\u00f3mo detectarla y apoyar a tus hijos","datePublished":"2026-01-20T22:26:33+00:00","dateModified":"2026-04-21T21:46:17+00:00","mainEntityOfPage":{"@id":"https:\/\/fonasa.mindy.cl\/blog\/depresion-infantil\/"},"wordCount":2443,"publisher":{"@id":"https:\/\/fonasa.mindy.cl\/blog\/#organization"},"image":{"@id":"https:\/\/fonasa.mindy.cl\/blog\/depresion-infantil\/#primaryimage"},"thumbnailUrl":"https:\/\/fonasa.mindy.cl\/blog\/wp-content\/uploads\/2026\/01\/pexels-pixabay-256657.jpg","articleSection":["Depresi\u00f3n"],"inLanguage":"es-CL"},{"@type":"WebPage","@id":"https:\/\/fonasa.mindy.cl\/blog\/depresion-infantil\/","url":"https:\/\/fonasa.mindy.cl\/blog\/depresion-infantil\/","name":"Depresi\u00f3n infantil: C\u00f3mo detectarla y apoyar a tus hijos","isPartOf":{"@id":"https:\/\/fonasa.mindy.cl\/blog\/#website"},"primaryImageOfPage":{"@id":"https:\/\/fonasa.mindy.cl\/blog\/depresion-infantil\/#primaryimage"},"image":{"@id":"https:\/\/fonasa.mindy.cl\/blog\/depresion-infantil\/#primaryimage"},"thumbnailUrl":"https:\/\/fonasa.mindy.cl\/blog\/wp-content\/uploads\/2026\/01\/pexels-pixabay-256657.jpg","datePublished":"2026-01-20T22:26:33+00:00","dateModified":"2026-04-21T21:46:17+00:00","description":"Entiende qu\u00e9 es la depresi\u00f3n infantil, sus s\u00edntomas y c\u00f3mo acceder a tratamiento profesional con Fonasa Mindy.","breadcrumb":{"@id":"https:\/\/fonasa.mindy.cl\/blog\/depresion-infantil\/#breadcrumb"},"inLanguage":"es-CL","potentialAction":[{"@type":"ReadAction","target":["https:\/\/fonasa.mindy.cl\/blog\/depresion-infantil\/"]}]},{"@type":"ImageObject","inLanguage":"es-CL","@id":"https:\/\/fonasa.mindy.cl\/blog\/depresion-infantil\/#primaryimage","url":"https:\/\/fonasa.mindy.cl\/blog\/wp-content\/uploads\/2026\/01\/pexels-pixabay-256657.jpg","contentUrl":"https:\/\/fonasa.mindy.cl\/blog\/wp-content\/uploads\/2026\/01\/pexels-pixabay-256657.jpg","width":640,"height":427,"caption":"depresi\u00f3n infantil"},{"@type":"BreadcrumbList","@id":"https:\/\/fonasa.mindy.cl\/blog\/depresion-infantil\/#breadcrumb","itemListElement":[{"@type":"ListItem","position":1,"name":"Home","item":"https:\/\/fonasa.mindy.cl\/blog\/"},{"@type":"ListItem","position":2,"name":"Depresi\u00f3n infantil: C\u00f3mo detectarla y apoyar a tus hijos"}]},{"@type":"WebSite","@id":"https:\/\/fonasa.mindy.cl\/blog\/#website","url":"https:\/\/fonasa.mindy.cl\/blog\/","name":"Mindy Fonasa Blog","description":"Un blog de salud mental","publisher":{"@id":"https:\/\/fonasa.mindy.cl\/blog\/#organization"},"potentialAction":[{"@type":"SearchAction","target":{"@type":"EntryPoint","urlTemplate":"https:\/\/fonasa.mindy.cl\/blog\/?s={search_term_string}"},"query-input":"required name=search_term_string"}],"inLanguage":"es-CL"},{"@type":"Organization","@id":"https:\/\/fonasa.mindy.cl\/blog\/#organization","name":"Mindy Fonasa Blog","url":"https:\/\/fonasa.mindy.cl\/blog\/","logo":{"@type":"ImageObject","inLanguage":"es-CL","@id":"https:\/\/fonasa.mindy.cl\/blog\/#\/schema\/logo\/image\/","url":"https:\/\/fonasa.mindy.cl\/blog\/wp-content\/uploads\/2024\/07\/logo_cuadrado.png","contentUrl":"https:\/\/fonasa.mindy.cl\/blog\/wp-content\/uploads\/2024\/07\/logo_cuadrado.png","width":300,"height":300,"caption":"Mindy Fonasa Blog"},"image":{"@id":"https:\/\/fonasa.mindy.cl\/blog\/#\/schema\/logo\/image\/"}},{"@type":"Person","@id":"https:\/\/fonasa.mindy.cl\/blog\/#\/schema\/person\/fa87761528fa733079f7f77181252f28","name":"estrategamkd@gmail.com","url":"https:\/\/fonasa.mindy.cl\/blog\/author\/estrategamkdgmail-com\/"}]}},"_links":{"self":[{"href":"https:\/\/fonasa.mindy.cl\/blog\/wp-json\/wp\/v2\/posts\/1315"}],"collection":[{"href":"https:\/\/fonasa.mindy.cl\/blog\/wp-json\/wp\/v2\/posts"}],"about":[{"href":"https:\/\/fonasa.mindy.cl\/blog\/wp-json\/wp\/v2\/types\/post"}],"author":[{"embeddable":true,"href":"https:\/\/fonasa.mindy.cl\/blog\/wp-json\/wp\/v2\/users\/3"}],"replies":[{"embeddable":true,"href":"https:\/\/fonasa.mindy.cl\/blog\/wp-json\/wp\/v2\/comments?post=1315"}],"version-history":[{"count":10,"href":"https:\/\/fonasa.mindy.cl\/blog\/wp-json\/wp\/v2\/posts\/1315\/revisions"}],"predecessor-version":[{"id":1946,"href":"https:\/\/fonasa.mindy.cl\/blog\/wp-json\/wp\/v2\/posts\/1315\/revisions\/1946"}],"wp:featuredmedia":[{"embeddable":true,"href":"https:\/\/fonasa.mindy.cl\/blog\/wp-json\/wp\/v2\/media\/1318"}],"wp:attachment":[{"href":"https:\/\/fonasa.mindy.cl\/blog\/wp-json\/wp\/v2\/media?parent=1315"}],"wp:term":[{"taxonomy":"category","embeddable":true,"href":"https:\/\/fonasa.mindy.cl\/blog\/wp-json\/wp\/v2\/categories?post=1315"},{"taxonomy":"post_tag","embeddable":true,"href":"https:\/\/fonasa.mindy.cl\/blog\/wp-json\/wp\/v2\/tags?post=1315"}],"curies":[{"name":"wp","href":"https:\/\/api.w.org\/{rel}","templated":true}]}}