{"id":1301,"date":"2026-01-20T18:45:51","date_gmt":"2026-01-20T21:45:51","guid":{"rendered":"https:\/\/fonasa.mindy.cl\/blog\/?p=1301"},"modified":"2026-03-24T16:19:53","modified_gmt":"2026-03-24T19:19:53","slug":"trastorno-de-ansiedad-por-separacion","status":"publish","type":"post","link":"https:\/\/fonasa.mindy.cl\/blog\/trastorno-de-ansiedad-por-separacion\/","title":{"rendered":"Trastorno de ansiedad por separaci\u00f3n: M\u00e1s que un berrinche infantil"},"content":{"rendered":"\n<p>Ver a tu hijo o hija aferrarse desesperadamente a tu pierna, llorar con un p\u00e1nico desgarrador o enfermarse f\u00edsicamente ante la simple idea de que te alejes, es una experiencia que rompe el coraz\u00f3n. Es m\u00e1s que un &#8220;berrinche de despedida&#8221;; es una se\u00f1al de un miedo profundo e incapacitante. Este miedo extremo y desproporcionado ante la separaci\u00f3n de las figuras de apego principal es lo que define al <strong>trastorno de ansiedad por separaci\u00f3n<\/strong>. <\/p>\n\n\n\n<p>Aunque es m\u00e1s com\u00fan en ni\u00f1os, tambi\u00e9n puede afectar a adolescentes y adultos, limitando severamente su autonom\u00eda y calidad de vida. Este art\u00edculo, basado en la evidencia de la psicolog\u00eda del desarrollo y la neurociencia, te ayudar\u00e1 a entender que este comportamiento no es manipulaci\u00f3n ni falta de car\u00e1cter, sino una condici\u00f3n de ansiedad real y tratable. Aprender\u00e1s a reconocer sus s\u00edntomas, comprender sus causas y, lo m\u00e1s importante, descubrir\u00e1s estrategias efectivas para ayudar a quien lo padece a recuperar su seguridad y confianza.<\/p>\n\n\n\n<h2 class=\"wp-block-heading has-x-large-font-size\">Trastorno de ansiedad por separaci\u00f3n: Cu\u00e1ndo el miedo normal se convierte en trastorno<\/h2>\n\n\n\n<p>En primer lugar es necesario tener claro que es <strong><a href=\"https:\/\/fonasa.mindy.cl\/blog\/la-ansiedad-guia-completa\/\">la ansiedad<\/a><\/strong>. Es completamente normal y esperable que un beb\u00e9 o ni\u00f1o peque\u00f1o muestre angustia al separarse de sus cuidadores principales; es un signo de un <strong>apego seguro<\/strong>. Esta ansiedad de separaci\u00f3n t\u00edpica suele alcanzar su punto m\u00e1ximo entre los 10 y 18 meses y va disminuyendo gradualmente hacia los 3 a\u00f1os. El <strong>trastorno de ansiedad por separaci\u00f3n<\/strong> aparece cuando este miedo es <strong>excesivo para el nivel de desarrollo<\/strong> del ni\u00f1o, persiste m\u00e1s all\u00e1 de la edad esperada o surge en adolescentes y adultos, causando un <strong>deterioro significativo<\/strong> en su funcionamiento social, acad\u00e9mico o laboral.<\/p>\n\n\n\n<h3 class=\"wp-block-heading has-large-font-size\">Criterios diagn\u00f3sticos clave<\/h3>\n\n\n\n<p>Seg\u00fan los manuales de diagn\u00f3stico, el <strong>trastorno de ansiedad por separaci\u00f3n<\/strong> se caracteriza por un miedo o ansiedad intensa e inapropiada respecto a la separaci\u00f3n del hogar o de las figuras a las que se est\u00e1 apegado. Para ser considerado un trastorno, debe incluir al menos tres de los siguientes s\u00edntomas:<\/p>\n\n\n\n<ul>\n<li><strong>Angustia excesiva y recurrente<\/strong> cuando se anticipa o se vive una separaci\u00f3n del hogar o de las figuras de apego.<\/li>\n\n\n\n<li><strong>Preocupaci\u00f3n persistente y excesiva<\/strong> por la posibilidad de perder a las figuras de apego o de que les ocurra un da\u00f1o (como una enfermedad, accidente o muerte).<\/li>\n\n\n\n<li><strong>Preocupaci\u00f3n persistente y excesiva<\/strong> por la posibilidad de que un evento adverso (como perderse, ser secuestrado) cause la separaci\u00f3n.<\/li>\n\n\n\n<li><strong>Resistencia o negativa persistente<\/strong> a salir, lejos de casa, a la escuela, al trabajo o a cualquier otro lugar por miedo a la separaci\u00f3n.<\/li>\n\n\n\n<li><strong>Miedo o resistencia persistente y excesiva<\/strong> a estar solo o sin las figuras de apego en casa o en otros entornos.<\/li>\n\n\n\n<li><strong>Resistencia o negativa persistente a dormir<\/strong> fuera de casa o a irse a dormir sin tener cerca a una figura de apego.<\/li>\n\n\n\n<li><strong>Pesadillas repetidas<\/strong> cuyo tema es la separaci\u00f3n.<\/li>\n\n\n\n<li><strong>Quejas repetidas de s\u00edntomas f\u00edsicos<\/strong> (como dolores de cabeza, dolores de est\u00f3mago, n\u00e1useas, v\u00f3mitos) cuando ocurre o se anticipa la separaci\u00f3n.<\/li>\n<\/ul>\n\n\n\n<p>Estos s\u00edntomas deben persistir por lo menos <strong>cuatro semanas en ni\u00f1os\/adolescentes<\/strong> y <strong>seis meses o m\u00e1s en adultos<\/strong>, y causar un malestar cl\u00ednicamente significativo, lo cual podr\u00eda llevar al ni\u00f1o a una <strong><a href=\"https:\/\/fonasa.mindy.cl\/blog\/depresion-infantil\/\">depresi\u00f3n infantil<\/a><\/strong>.<\/p>\n\n\n\n<h2 class=\"wp-block-heading has-x-large-font-size\">S\u00edntomas y manifestaciones del trastorno de ansiedad por separaci\u00f3n en diferentes edades<\/h2>\n\n\n\n<figure class=\"wp-block-image alignwide size-full\"><img loading=\"lazy\" decoding=\"async\" width=\"640\" height=\"427\" src=\"https:\/\/fonasa.mindy.cl\/blog\/wp-content\/uploads\/2026\/01\/pexels-keira-burton-6624327.jpg\" alt=\"Trastorno de ansiedad por separaci\u00f3n\" class=\"wp-image-1308\"\/><\/figure>\n\n\n\n<p>El <strong>trastorno de ansiedad por separaci\u00f3n<\/strong> no se ve igual en un ni\u00f1o de 5 a\u00f1os que en un adolescente de 15 o en un adulto. Sus manifestaciones evolucionan con la edad, pero el n\u00facleo de miedo a la separaci\u00f3n permanece.<\/p>\n\n\n\n<h3 class=\"wp-block-heading has-large-font-size\">En la infancia (aproximadamente hasta los 12 a\u00f1os)<\/h3>\n\n\n\n<p>Los s\u00edntomas suelen ser m\u00e1s <strong>expl\u00edcitos y conductuales<\/strong>:<\/p>\n\n\n\n<ul>\n<li><strong>Rabietas y llantos desconsolados<\/strong> en el momento de la separaci\u00f3n (por ejemplo, al dejarlo en la escuela).<\/li>\n\n\n\n<li><strong>Negativa a ir al colegio<\/strong> (&#8220;fobia escolar&#8221;), que puede ser la primera se\u00f1al que alerta a los padres.<\/li>\n\n\n\n<li><strong>&#8220;Somatizaci\u00f3n&#8221;:<\/strong> Quejas frecuentes de dolor de est\u00f3mago, cabeza o n\u00e1useas por las ma\u00f1anas antes de ir al colegio, que desaparecen m\u00e1gicamente si se les permite quedarse en casa.<\/li>\n\n\n\n<li><strong>Necesidad de dormir con los padres<\/strong> o de que uno de ellos se quede en la habitaci\u00f3n hasta que se duerma.<\/li>\n\n\n\n<li><strong>Seguir a los padres<\/strong> por toda la casa (&#8220;sombra&#8221;), con gran dificultad para jugar solo en otra habitaci\u00f3n.<\/li>\n\n\n\n<li><strong>Preguntas repetitivas y ansiosas:<\/strong> &#8220;\u00bfY si te pasa algo?&#8221;, &#8220;\u00bfVas a volver?&#8221;, &#8220;\u00bfA qu\u00e9 hora llegas?&#8221;.<\/li>\n<\/ul>\n\n\n\n<h3 class=\"wp-block-heading has-large-font-size\">En la adolescencia y la adultez<\/h3>\n\n\n\n<p>Aqu\u00ed los s\u00edntomas pueden ser m\u00e1s <strong>encubiertos o internalizados<\/strong>, pero igualmente limitantes:<\/p>\n\n\n\n<ul>\n<li><strong>Evitaci\u00f3n de actividades independientes:<\/strong> Rechazo a ir a campamentos, dormir en casa de amigos, realizar viajes de estudios o, en adultos, negativa a realizar viajes de trabajo o de placer que impliquen alejarse del hogar o la pareja.<\/li>\n\n\n\n<li><strong>Malestar f\u00edsico y preocupaci\u00f3n excesiva:<\/strong> Similar a la infancia, pero el adulto puede racionalizarlo como &#8220;estr\u00e9s laboral&#8221; o &#8220;problemas digestivos&#8221;. La preocupaci\u00f3n por la seguridad de los seres queridos es constante y consume mucho tiempo mental.<\/li>\n\n\n\n<li><strong>Dificultad en las relaciones de pareja:<\/strong> Pueden surgir conflictos por una <strong>dependencia excesiva<\/strong>, celos patol\u00f3gicos o necesidad de contacto constante (llamadas y mensajes repetitivos para &#8220;verificar&#8221; que todo est\u00e1 bien).<\/li>\n\n\n\n<li><strong>Interferencia en la vida profesional:<\/strong> Rechazo a promociones que impliquen viajar o mudarse, o dificultad para concentrarse en el trabajo debido a la preocupaci\u00f3n.<\/li>\n<\/ul>\n\n\n\n<h2 class=\"wp-block-heading has-x-large-font-size\">Causas y factores de riesgo del trastorno de ansiedad por separaci\u00f3n<\/h2>\n\n\n\n<p>Comprender por qu\u00e9 aparece es fundamental para abordarlo con empat\u00eda y eficacia. No hay una causa \u00fanica; es el resultado de una combinaci\u00f3n de factores.<\/p>\n\n\n\n<h3 class=\"wp-block-heading has-large-font-size\">Factores biol\u00f3gicos y temperamentales<\/h3>\n\n\n\n<ul>\n<li><strong>Gen\u00e9tica y neurobiolog\u00eda:<\/strong> Existe una mayor predisposici\u00f3n si hay antecedentes familiares de trastornos de ansiedad o depresi\u00f3n. A nivel cerebral, se observa una <strong>hiperactivaci\u00f3n del sistema de alarma<\/strong> (la am\u00edgdala) y una menor regulaci\u00f3n por parte de la corteza prefrontal, que es la encargada de calmar los miedos y ponerlos en perspectiva.<\/li>\n\n\n\n<li><strong>Temperamento inhibido:<\/strong> Los ni\u00f1os con un temperamento inherentemente m\u00e1s cauteloso, t\u00edmido o que se asusta con facilidad ante lo nuevo (inhibici\u00f3n conductual) tienen un riesgo mayor.<\/li>\n<\/ul>\n\n\n\n<h3 class=\"wp-block-heading has-large-font-size\">Factores ambientales y de aprendizaje<\/h3>\n\n\n\n<ul>\n<li><strong>Estilo de apego y crianza:<\/strong> Aunque no es una simple &#8220;culpa&#8221; de los padres, ciertos patrones pueden contribuir. Un estilo <strong>sobreprotector o hipervigilante<\/strong> puede transmitir al ni\u00f1o, sin intenci\u00f3n, el mensaje de que el mundo es peligroso y que no es capaz de manejarlo sin la presencia del adulto. Del mismo modo, la <strong>inconsistencia<\/strong> en las respuestas de los cuidadores puede generar inseguridad.<\/li>\n\n\n\n<li><strong>Eventos estresantes o traum\u00e1ticos:<\/strong> Una experiencia de separaci\u00f3n real y angustiante (una hospitalizaci\u00f3n, la p\u00e9rdida de un ser querido, un divorcio conflictivo) o un cambio importante (mudanza, cambio de colegio) puede actuar como desencadenante.<\/li>\n\n\n\n<li><strong>Refuerzo inadvertido:<\/strong> Si el llanto o la queja f\u00edsica del ni\u00f1o logra constantemente que el adulto cancele sus planes y se quede, el comportamiento de ansiedad se ve <strong>reforzado negativamente<\/strong> (el malestar cesa al evitar la separaci\u00f3n), haci\u00e9ndose m\u00e1s fuerte y probable en el futuro.<\/li>\n\n\n\n<li><strong>Modelado de ansiedad:<\/strong> Los ni\u00f1os aprenden observando. Si un padre o madre muestra una gran ansiedad ante las separaciones o transmite constantemente miedos sobre el mundo, el ni\u00f1o puede internalizar esa visi\u00f3n.<\/li>\n<\/ul>\n\n\n\n<h3 class=\"wp-block-heading has-large-font-size\">Consecuencias del trastorno de ansiedad por separaci\u00f3n no tratado<\/h3>\n\n\n\n<p>Ignorar el problema con la esperanza de que &#8220;ya se le pasar\u00e1&#8221; puede tener repercusiones significativas a corto y largo plazo:<\/p>\n\n\n\n<ul>\n<li><strong>Problemas acad\u00e9micos:<\/strong> El absentismo escolar (fobia escolar) lleva a retrasos en el aprendizaje y bajo rendimiento.<\/li>\n\n\n\n<li><strong>Dificultades sociales:<\/strong> La evitaci\u00f3n de actividades con pares impide el desarrollo de habilidades sociales esenciales, pudiendo llevar al aislamiento.<\/li>\n\n\n\n<li><strong>Baja autoestima:<\/strong> El ni\u00f1o\/adolescente se percibe a s\u00ed mismo como &#8220;d\u00e9bil&#8221;, &#8220;miedoso&#8221; o &#8220;diferente&#8221; a los dem\u00e1s.<\/li>\n\n\n\n<li><strong>Mayor riesgo de otros trastornos:<\/strong> En la adolescencia y adultez, el trastorno de ansiedad por separaci\u00f3n no resuelto puede evolucionar o coexistir con <strong>ataques de p\u00e1nico, agorafobia, depresi\u00f3n mayor u otros trastornos de ansiedad generalizada<\/strong>.<\/li>\n<\/ul>\n\n\n\n<h2 class=\"wp-block-heading has-x-large-font-size\">Tratamiento efectivo para el trastorno de ansiedad por separaci\u00f3n<\/h2>\n\n\n\n<figure class=\"wp-block-image alignwide size-full\"><img loading=\"lazy\" decoding=\"async\" width=\"640\" height=\"427\" src=\"https:\/\/fonasa.mindy.cl\/blog\/wp-content\/uploads\/2026\/01\/cosplay-5650205_640.jpg\" alt=\"Trastorno de ansiedad por separaci\u00f3n\" class=\"wp-image-1309\"\/><\/figure>\n\n\n\n<p>La buena noticia es que el <strong>trastorno de ansiedad por separaci\u00f3n<\/strong> tiene un pron\u00f3stico excelente con el tratamiento adecuado. El <strong>est\u00e1ndar de oro<\/strong> es la <strong>psicoterapia<\/strong>, espec\u00edficamente la Terapia Cognitivo-Conductual (TCC), que a veces se complementa con intervenci\u00f3n familiar y, en casos m\u00e1s severos, medicaci\u00f3n.<\/p>\n\n\n\n<h3 class=\"wp-block-heading has-large-font-size\">1. Psicoterapia: La herramienta principal<\/h3>\n\n\n\n<ul>\n<li><strong>Terapia Cognitivo-Conductual (TCC):<\/strong> Es el tratamiento m\u00e1s efectivo. Se trabaja en dos frentes:\n<ol>\n<li><strong>Componente cognitivo:<\/strong> Ayuda al ni\u00f1o o adulto a identificar y desafiar los <strong>pensamientos catastr\u00f3ficos<\/strong> (&#8220;si mi mam\u00e1 se va, le va a pasar algo malo y nunca m\u00e1s la voy a ver&#8221;) y a reemplazarlos por pensamientos m\u00e1s realistas y tranquilizadores.<\/li>\n\n\n\n<li><strong>Componente conductual:<\/strong> Se implementa la <strong>exposici\u00f3n gradual y sistem\u00e1tica<\/strong>. Esto implica crear una &#8220;escalera de miedo&#8221; junto con el paciente, donde se listan situaciones relacionadas con la separaci\u00f3n, desde la menos hasta la m\u00e1s temida. Luego, se avanza paso a paso, enfrentando cada situaci\u00f3n de manera repetida hasta que la ansiedad disminuye. Por ejemplo: primero separarse 5 minutos en otra habitaci\u00f3n con la puerta abierta, luego 15 minutos con la puerta cerrada, luego un paseo breve de los padres a la esquina, etc. Cada \u00e9xito genera <strong>confianza y autoeficacia<\/strong>.<\/li>\n<\/ol>\n<\/li>\n\n\n\n<li><strong>Entrenamiento para padres:<\/strong> Es un componente <strong>crucial<\/strong>. Los padres aprenden:\n<ul>\n<li>A responder a la ansiedad con <strong>calma y firmeza<\/strong>, no con angustia propia.<\/li>\n\n\n\n<li>A establecer <strong>rutinas predecibles y claras<\/strong> para las despedidas (un beso, un apret\u00f3n de manos especial, decir &#8220;te quiero, vuelvo a las 5&#8221;).<\/li>\n\n\n\n<li>A <strong>elogiar y recompensar<\/strong> los esfuerzos y la valent\u00eda del ni\u00f1o.<\/li>\n\n\n\n<li>A <strong>evitar el refuerzo negativo<\/strong> (no cancelar planes tras un berrinche, sino mantener la separaci\u00f3n planeada de manera breve y amorosa).<\/li>\n<\/ul>\n<\/li>\n<\/ul>\n\n\n\n<h3 class=\"wp-block-heading has-large-font-size\">2. Intervenci\u00f3n escolar<\/h3>\n\n\n\n<p>La coordinaci\u00f3n con el colegio es vital en casos de fobia escolar. Se puede establecer un plan donde, inicialmente, un padre se quede un tiempo en la escuela, luego en la puerta, luego se vaya por periodos cortos que se van alargando, siempre en colaboraci\u00f3n con el profesor y el equipo psicopedag\u00f3gico.<\/p>\n\n\n\n<h3 class=\"wp-block-heading has-large-font-size\">3. Farmacoterapia (en casos espec\u00edficos)<\/h3>\n\n\n\n<p>En situaciones donde la ansiedad es muy severa y limita la posibilidad de participar en la terapia de exposici\u00f3n, un <strong>psiquiatra infantil o de adultos<\/strong> puede considerar el uso de un <strong>Inhibidor Selectivo de la Recaptaci\u00f3n de Serotonina (ISRS)<\/strong>. Estos medicamentos pueden ayudar a reducir el nivel basal de ansiedad, facilitando que la persona se involucre en la psicoterapia. Nunca son un tratamiento de primera l\u00ednea ni se usan solos.<\/p>\n\n\n\n<h2 class=\"wp-block-heading has-x-large-font-size\">Fonasa Mindy: Apoyo psicol\u00f3gico especializado para el trastorno de ansiedad por separaci\u00f3n<\/h2>\n\n\n\n<p>Manejar el <strong>trastorno de ansiedad por separaci\u00f3n<\/strong> puede hacer sentir a las familias agotadas, frustradas y solas. La log\u00edstica de llevar a un ni\u00f1o angustiado a terapia, o el propio temor de un adulto a salir de casa, puede parecer una barrera infranqueable. <strong><a href=\"https:\/\/fonasa.mindy.cl\/#\/\">Fonasa Mindy<\/a><\/strong> ofrece una soluci\u00f3n accesible y efectiva a trav\u00e9s de la <strong>terapia psicol\u00f3gica online<\/strong>, un formato especialmente \u00fatil para este tipo de problem\u00e1tica.<\/p>\n\n\n\n<h3 class=\"wp-block-heading has-large-font-size\">\u00bfC\u00f3mo puede ayudarte Fonasa Mindy?<\/h3>\n\n\n\n<ul>\n<li><strong>Terapia Cognitivo-Conductual (TCC) online para ni\u00f1os y adolescentes:<\/strong> Nuestros psic\u00f3logos especializados en infancia y adolescencia trabajan con el ni\u00f1o y sus padres mediante sesiones online interactivas. Se ense\u00f1an t\u00e9cnicas de manejo de la ansiedad, se dise\u00f1a la jerarqu\u00eda de exposici\u00f3n y se entrena a los padres para implementar el plan en casa, en su entorno natural.<\/li>\n\n\n\n<li><strong>Apoyo y entrenamiento parental online:<\/strong> Ofrecemos sesiones exclusivas para padres donde recibir\u00e1n psicoeducaci\u00f3n sobre el trastorno, aprender\u00e1n estrategias de respuesta efectiva y podr\u00e1n resolver dudas en un espacio de contenci\u00f3n profesional, todo desde la comodidad del hogar.<\/li>\n\n\n\n<li><strong>Tratamiento para adultos desde un entorno seguro:<\/strong> Para adolescentes y adultos, la terapia online es ideal porque pueden iniciar el tratamiento desde el lugar donde se sienten m\u00e1s seguros (su hogar), eliminando de entrada el obst\u00e1culo de la separaci\u00f3n para acudir a una consulta presencial.<\/li>\n\n\n\n<li><strong>Coordinaci\u00f3n con el colegio (cuando aplica):<\/strong> Nuestros terapeutas pueden guiar a los padres en c\u00f3mo comunicarse efectivamente con el establecimiento educacional para establecer un plan de reintegro gradual.<\/li>\n\n\n\n<li><strong>Accesibilidad con Fonasa:<\/strong> Puedes acceder a nuestros servicios con profesionales especializados utilizando tu cobertura de <strong>Fonasa<\/strong>, sin costos de traslado y con horarios flexibles que se adaptan a la din\u00e1mica familiar.<\/li>\n<\/ul>\n\n\n\n<h3 class=\"wp-block-heading has-large-font-size\">El trastorno de ansiedad por separaci\u00f3n se supera con las herramientas adecuadas<\/h3>\n\n\n\n<p>No dejes que el miedo a la separaci\u00f3n limite el desarrollo y la felicidad de tu hijo o la tuya propia. El <strong>trastorno de ansiedad por separaci\u00f3n<\/strong> se supera con las herramientas adecuadas. Toma el primer paso y agenda una consulta de evaluaci\u00f3n en <a href=\"https:\/\/fonasa.mindy.cl\/psicologos.php#\/\"><strong>Psic\u00f3logos online Fonasa Mindy<\/strong><\/a>.<\/p>\n\n\n\n<p>El <strong>trastorno de ansiedad por separaci\u00f3n<\/strong> es un recordatorio de lo profundamente conectados que estamos a nuestros seres queridos y de lo aterrador que puede ser el mundo percibido sin su protecci\u00f3n. Pero tambi\u00e9n es una condici\u00f3n que nos habla de la capacidad de la mente para aprender a sentirse segura. Con paciencia, consistencia y la gu\u00eda profesional adecuada, es posible transformar el p\u00e1nico en confianza, la evitaci\u00f3n en autonom\u00eda y el miedo paralizante en una seguridad interior que permita explorar el mundo. <\/p>\n\n\n\n<p>Ya sea para un ni\u00f1o que da sus primeros pasos hacia la independencia o para un adulto que busca liberarse de ataduras invisibles, el camino hacia la libertad emocional comienza con la comprensi\u00f3n y contin\u00faa con la acci\u00f3n terap\u00e9utica. <\/p>\n\n\n\n<p>En <a href=\"https:\/\/fonasa.mindy.cl\/#\/\"><strong>Fonasa Mindy<\/strong><\/a> estamos comprometidos a ser tu compa\u00f1ero en este viaje, proporcionando las herramientas y el apoyo necesarios para que la separaci\u00f3n deje de ser una amenaza y se convierta en una parte natural de una vida plena.<\/p>\n\n\n\n<p><em>Para m\u00e1s informaci\u00f3n y recursos sobre salud mental infantil, familiar y de adultos, visita<\/em> nuestra plataforma de piscolog\u00eda online <a href=\"https:\/\/mindy.cl\/\"><strong>Mindy<\/strong><\/a>.<\/p>\n\n\n\n<h2 class=\"wp-block-heading has-x-large-font-size\">Encuentra la terapia para la ansiedad adecuada para ti con este breve test<\/h2>\n\n\n\n<p>No todos los procesos terap\u00e9uticos son iguales. Para recibir la atenci\u00f3n que realmente necesitas, es fundamental evaluar tu estado actual. Te invitamos a completar nuestro <strong>diagn\u00f3stico preliminar de ansiedad<\/strong> para orientar tu b\u00fasqueda de apoyo psicol\u00f3gico de manera efectiva y accesible. <\/p>\n\n\n\n<p>\ud83d\udc49 <a href=\"https:\/\/form.typeform.com\/to\/nF2A9qZT\" target=\"_blank\" rel=\"noreferrer noopener\">Accede al Quiz aqu\u00ed<\/a><\/p>\n","protected":false},"excerpt":{"rendered":"<p>Ver a tu hijo o hija aferrarse desesperadamente a tu pierna, llorar con un p\u00e1nico desgarrador o enfermarse f\u00edsicamente ante la simple idea de que te alejes, es una experiencia que rompe el coraz\u00f3n. Es m\u00e1s que un &#8220;berrinche de despedida&#8221;; es una se\u00f1al de un miedo profundo e incapacitante. Este miedo extremo y desproporcionado [&hellip;]<\/p>\n","protected":false},"author":3,"featured_media":1307,"comment_status":"closed","ping_status":"closed","sticky":false,"template":"","format":"standard","meta":{"footnotes":""},"categories":[274],"tags":[],"yoast_head":"<!-- This site is optimized with the Yoast SEO plugin v23.0 - https:\/\/yoast.com\/wordpress\/plugins\/seo\/ -->\n<title>Trastorno de ansiedad por separaci\u00f3n: M\u00e1s que un berrinche...<\/title>\n<meta name=\"description\" content=\"\u00bfTu hijo\/a sufre al separarse de ti? Conoce el trastorno de ansiedad por separaci\u00f3n, sus s\u00edntomas y tratamiento. Fonasa Mindy te apoya.\" \/>\n<meta name=\"robots\" content=\"index, follow, max-snippet:-1, max-image-preview:large, max-video-preview:-1\" \/>\n<link rel=\"canonical\" href=\"https:\/\/fonasa.mindy.cl\/blog\/trastorno-de-ansiedad-por-separacion\/\" \/>\n<meta property=\"og:locale\" content=\"es_ES\" \/>\n<meta property=\"og:type\" content=\"article\" \/>\n<meta property=\"og:title\" content=\"Trastorno de ansiedad por separaci\u00f3n: M\u00e1s que un berrinche...\" \/>\n<meta property=\"og:description\" content=\"\u00bfTu hijo\/a sufre al separarse de ti? Conoce el trastorno de ansiedad por separaci\u00f3n, sus s\u00edntomas y tratamiento. Fonasa Mindy te apoya.\" \/>\n<meta property=\"og:url\" content=\"https:\/\/fonasa.mindy.cl\/blog\/trastorno-de-ansiedad-por-separacion\/\" \/>\n<meta property=\"og:site_name\" content=\"Mindy Fonasa Blog\" \/>\n<meta property=\"article:published_time\" content=\"2026-01-20T21:45:51+00:00\" \/>\n<meta property=\"article:modified_time\" content=\"2026-03-24T19:19:53+00:00\" \/>\n<meta property=\"og:image\" content=\"https:\/\/fonasa.mindy.cl\/blog\/wp-content\/uploads\/2026\/01\/pexels-moh-adbelghaffar-783941.jpg\" \/>\n\t<meta property=\"og:image:width\" content=\"640\" \/>\n\t<meta property=\"og:image:height\" content=\"436\" \/>\n\t<meta property=\"og:image:type\" content=\"image\/jpeg\" \/>\n<meta name=\"author\" content=\"estrategamkd@gmail.com\" \/>\n<meta name=\"twitter:card\" content=\"summary_large_image\" \/>\n<meta name=\"twitter:label1\" content=\"Written by\" \/>\n\t<meta name=\"twitter:data1\" content=\"estrategamkd@gmail.com\" \/>\n\t<meta name=\"twitter:label2\" content=\"Est. reading time\" \/>\n\t<meta name=\"twitter:data2\" content=\"11 minutos\" \/>\n<script type=\"application\/ld+json\" class=\"yoast-schema-graph\">{\"@context\":\"https:\/\/schema.org\",\"@graph\":[{\"@type\":\"Article\",\"@id\":\"https:\/\/fonasa.mindy.cl\/blog\/trastorno-de-ansiedad-por-separacion\/#article\",\"isPartOf\":{\"@id\":\"https:\/\/fonasa.mindy.cl\/blog\/trastorno-de-ansiedad-por-separacion\/\"},\"author\":{\"name\":\"estrategamkd@gmail.com\",\"@id\":\"https:\/\/fonasa.mindy.cl\/blog\/#\/schema\/person\/fa87761528fa733079f7f77181252f28\"},\"headline\":\"Trastorno de ansiedad por separaci\u00f3n: M\u00e1s que un berrinche infantil\",\"datePublished\":\"2026-01-20T21:45:51+00:00\",\"dateModified\":\"2026-03-24T19:19:53+00:00\",\"mainEntityOfPage\":{\"@id\":\"https:\/\/fonasa.mindy.cl\/blog\/trastorno-de-ansiedad-por-separacion\/\"},\"wordCount\":2477,\"publisher\":{\"@id\":\"https:\/\/fonasa.mindy.cl\/blog\/#organization\"},\"image\":{\"@id\":\"https:\/\/fonasa.mindy.cl\/blog\/trastorno-de-ansiedad-por-separacion\/#primaryimage\"},\"thumbnailUrl\":\"https:\/\/fonasa.mindy.cl\/blog\/wp-content\/uploads\/2026\/01\/pexels-moh-adbelghaffar-783941.jpg\",\"articleSection\":[\"Ansiedad\"],\"inLanguage\":\"es-CL\"},{\"@type\":\"WebPage\",\"@id\":\"https:\/\/fonasa.mindy.cl\/blog\/trastorno-de-ansiedad-por-separacion\/\",\"url\":\"https:\/\/fonasa.mindy.cl\/blog\/trastorno-de-ansiedad-por-separacion\/\",\"name\":\"Trastorno de ansiedad por separaci\u00f3n: M\u00e1s que un berrinche...\",\"isPartOf\":{\"@id\":\"https:\/\/fonasa.mindy.cl\/blog\/#website\"},\"primaryImageOfPage\":{\"@id\":\"https:\/\/fonasa.mindy.cl\/blog\/trastorno-de-ansiedad-por-separacion\/#primaryimage\"},\"image\":{\"@id\":\"https:\/\/fonasa.mindy.cl\/blog\/trastorno-de-ansiedad-por-separacion\/#primaryimage\"},\"thumbnailUrl\":\"https:\/\/fonasa.mindy.cl\/blog\/wp-content\/uploads\/2026\/01\/pexels-moh-adbelghaffar-783941.jpg\",\"datePublished\":\"2026-01-20T21:45:51+00:00\",\"dateModified\":\"2026-03-24T19:19:53+00:00\",\"description\":\"\u00bfTu hijo\/a sufre al separarse de ti? Conoce el trastorno de ansiedad por separaci\u00f3n, sus s\u00edntomas y tratamiento. Fonasa Mindy te apoya.\",\"breadcrumb\":{\"@id\":\"https:\/\/fonasa.mindy.cl\/blog\/trastorno-de-ansiedad-por-separacion\/#breadcrumb\"},\"inLanguage\":\"es-CL\",\"potentialAction\":[{\"@type\":\"ReadAction\",\"target\":[\"https:\/\/fonasa.mindy.cl\/blog\/trastorno-de-ansiedad-por-separacion\/\"]}]},{\"@type\":\"ImageObject\",\"inLanguage\":\"es-CL\",\"@id\":\"https:\/\/fonasa.mindy.cl\/blog\/trastorno-de-ansiedad-por-separacion\/#primaryimage\",\"url\":\"https:\/\/fonasa.mindy.cl\/blog\/wp-content\/uploads\/2026\/01\/pexels-moh-adbelghaffar-783941.jpg\",\"contentUrl\":\"https:\/\/fonasa.mindy.cl\/blog\/wp-content\/uploads\/2026\/01\/pexels-moh-adbelghaffar-783941.jpg\",\"width\":640,\"height\":436,\"caption\":\"Trastorno de ansiedad por separaci\u00f3n\"},{\"@type\":\"BreadcrumbList\",\"@id\":\"https:\/\/fonasa.mindy.cl\/blog\/trastorno-de-ansiedad-por-separacion\/#breadcrumb\",\"itemListElement\":[{\"@type\":\"ListItem\",\"position\":1,\"name\":\"Home\",\"item\":\"https:\/\/fonasa.mindy.cl\/blog\/\"},{\"@type\":\"ListItem\",\"position\":2,\"name\":\"Trastorno de ansiedad por separaci\u00f3n: M\u00e1s que un berrinche infantil\"}]},{\"@type\":\"WebSite\",\"@id\":\"https:\/\/fonasa.mindy.cl\/blog\/#website\",\"url\":\"https:\/\/fonasa.mindy.cl\/blog\/\",\"name\":\"Mindy Fonasa Blog\",\"description\":\"Un blog de salud mental\",\"publisher\":{\"@id\":\"https:\/\/fonasa.mindy.cl\/blog\/#organization\"},\"potentialAction\":[{\"@type\":\"SearchAction\",\"target\":{\"@type\":\"EntryPoint\",\"urlTemplate\":\"https:\/\/fonasa.mindy.cl\/blog\/?s={search_term_string}\"},\"query-input\":\"required name=search_term_string\"}],\"inLanguage\":\"es-CL\"},{\"@type\":\"Organization\",\"@id\":\"https:\/\/fonasa.mindy.cl\/blog\/#organization\",\"name\":\"Mindy Fonasa Blog\",\"url\":\"https:\/\/fonasa.mindy.cl\/blog\/\",\"logo\":{\"@type\":\"ImageObject\",\"inLanguage\":\"es-CL\",\"@id\":\"https:\/\/fonasa.mindy.cl\/blog\/#\/schema\/logo\/image\/\",\"url\":\"https:\/\/fonasa.mindy.cl\/blog\/wp-content\/uploads\/2024\/07\/logo_cuadrado.png\",\"contentUrl\":\"https:\/\/fonasa.mindy.cl\/blog\/wp-content\/uploads\/2024\/07\/logo_cuadrado.png\",\"width\":300,\"height\":300,\"caption\":\"Mindy Fonasa Blog\"},\"image\":{\"@id\":\"https:\/\/fonasa.mindy.cl\/blog\/#\/schema\/logo\/image\/\"}},{\"@type\":\"Person\",\"@id\":\"https:\/\/fonasa.mindy.cl\/blog\/#\/schema\/person\/fa87761528fa733079f7f77181252f28\",\"name\":\"estrategamkd@gmail.com\",\"url\":\"https:\/\/fonasa.mindy.cl\/blog\/author\/estrategamkdgmail-com\/\"}]}<\/script>\n<!-- \/ Yoast SEO plugin. -->","yoast_head_json":{"title":"Trastorno de ansiedad por separaci\u00f3n: M\u00e1s que un berrinche...","description":"\u00bfTu hijo\/a sufre al separarse de ti? Conoce el trastorno de ansiedad por separaci\u00f3n, sus s\u00edntomas y tratamiento. Fonasa Mindy te apoya.","robots":{"index":"index","follow":"follow","max-snippet":"max-snippet:-1","max-image-preview":"max-image-preview:large","max-video-preview":"max-video-preview:-1"},"canonical":"https:\/\/fonasa.mindy.cl\/blog\/trastorno-de-ansiedad-por-separacion\/","og_locale":"es_ES","og_type":"article","og_title":"Trastorno de ansiedad por separaci\u00f3n: M\u00e1s que un berrinche...","og_description":"\u00bfTu hijo\/a sufre al separarse de ti? Conoce el trastorno de ansiedad por separaci\u00f3n, sus s\u00edntomas y tratamiento. Fonasa Mindy te apoya.","og_url":"https:\/\/fonasa.mindy.cl\/blog\/trastorno-de-ansiedad-por-separacion\/","og_site_name":"Mindy Fonasa Blog","article_published_time":"2026-01-20T21:45:51+00:00","article_modified_time":"2026-03-24T19:19:53+00:00","og_image":[{"width":640,"height":436,"url":"https:\/\/fonasa.mindy.cl\/blog\/wp-content\/uploads\/2026\/01\/pexels-moh-adbelghaffar-783941.jpg","type":"image\/jpeg"}],"author":"estrategamkd@gmail.com","twitter_card":"summary_large_image","twitter_misc":{"Written by":"estrategamkd@gmail.com","Est. reading time":"11 minutos"},"schema":{"@context":"https:\/\/schema.org","@graph":[{"@type":"Article","@id":"https:\/\/fonasa.mindy.cl\/blog\/trastorno-de-ansiedad-por-separacion\/#article","isPartOf":{"@id":"https:\/\/fonasa.mindy.cl\/blog\/trastorno-de-ansiedad-por-separacion\/"},"author":{"name":"estrategamkd@gmail.com","@id":"https:\/\/fonasa.mindy.cl\/blog\/#\/schema\/person\/fa87761528fa733079f7f77181252f28"},"headline":"Trastorno de ansiedad por separaci\u00f3n: M\u00e1s que un berrinche infantil","datePublished":"2026-01-20T21:45:51+00:00","dateModified":"2026-03-24T19:19:53+00:00","mainEntityOfPage":{"@id":"https:\/\/fonasa.mindy.cl\/blog\/trastorno-de-ansiedad-por-separacion\/"},"wordCount":2477,"publisher":{"@id":"https:\/\/fonasa.mindy.cl\/blog\/#organization"},"image":{"@id":"https:\/\/fonasa.mindy.cl\/blog\/trastorno-de-ansiedad-por-separacion\/#primaryimage"},"thumbnailUrl":"https:\/\/fonasa.mindy.cl\/blog\/wp-content\/uploads\/2026\/01\/pexels-moh-adbelghaffar-783941.jpg","articleSection":["Ansiedad"],"inLanguage":"es-CL"},{"@type":"WebPage","@id":"https:\/\/fonasa.mindy.cl\/blog\/trastorno-de-ansiedad-por-separacion\/","url":"https:\/\/fonasa.mindy.cl\/blog\/trastorno-de-ansiedad-por-separacion\/","name":"Trastorno de ansiedad por separaci\u00f3n: M\u00e1s que un berrinche...","isPartOf":{"@id":"https:\/\/fonasa.mindy.cl\/blog\/#website"},"primaryImageOfPage":{"@id":"https:\/\/fonasa.mindy.cl\/blog\/trastorno-de-ansiedad-por-separacion\/#primaryimage"},"image":{"@id":"https:\/\/fonasa.mindy.cl\/blog\/trastorno-de-ansiedad-por-separacion\/#primaryimage"},"thumbnailUrl":"https:\/\/fonasa.mindy.cl\/blog\/wp-content\/uploads\/2026\/01\/pexels-moh-adbelghaffar-783941.jpg","datePublished":"2026-01-20T21:45:51+00:00","dateModified":"2026-03-24T19:19:53+00:00","description":"\u00bfTu hijo\/a sufre al separarse de ti? Conoce el trastorno de ansiedad por separaci\u00f3n, sus s\u00edntomas y tratamiento. Fonasa Mindy te apoya.","breadcrumb":{"@id":"https:\/\/fonasa.mindy.cl\/blog\/trastorno-de-ansiedad-por-separacion\/#breadcrumb"},"inLanguage":"es-CL","potentialAction":[{"@type":"ReadAction","target":["https:\/\/fonasa.mindy.cl\/blog\/trastorno-de-ansiedad-por-separacion\/"]}]},{"@type":"ImageObject","inLanguage":"es-CL","@id":"https:\/\/fonasa.mindy.cl\/blog\/trastorno-de-ansiedad-por-separacion\/#primaryimage","url":"https:\/\/fonasa.mindy.cl\/blog\/wp-content\/uploads\/2026\/01\/pexels-moh-adbelghaffar-783941.jpg","contentUrl":"https:\/\/fonasa.mindy.cl\/blog\/wp-content\/uploads\/2026\/01\/pexels-moh-adbelghaffar-783941.jpg","width":640,"height":436,"caption":"Trastorno de ansiedad por separaci\u00f3n"},{"@type":"BreadcrumbList","@id":"https:\/\/fonasa.mindy.cl\/blog\/trastorno-de-ansiedad-por-separacion\/#breadcrumb","itemListElement":[{"@type":"ListItem","position":1,"name":"Home","item":"https:\/\/fonasa.mindy.cl\/blog\/"},{"@type":"ListItem","position":2,"name":"Trastorno de ansiedad por separaci\u00f3n: M\u00e1s que un berrinche infantil"}]},{"@type":"WebSite","@id":"https:\/\/fonasa.mindy.cl\/blog\/#website","url":"https:\/\/fonasa.mindy.cl\/blog\/","name":"Mindy Fonasa Blog","description":"Un blog de salud mental","publisher":{"@id":"https:\/\/fonasa.mindy.cl\/blog\/#organization"},"potentialAction":[{"@type":"SearchAction","target":{"@type":"EntryPoint","urlTemplate":"https:\/\/fonasa.mindy.cl\/blog\/?s={search_term_string}"},"query-input":"required name=search_term_string"}],"inLanguage":"es-CL"},{"@type":"Organization","@id":"https:\/\/fonasa.mindy.cl\/blog\/#organization","name":"Mindy Fonasa Blog","url":"https:\/\/fonasa.mindy.cl\/blog\/","logo":{"@type":"ImageObject","inLanguage":"es-CL","@id":"https:\/\/fonasa.mindy.cl\/blog\/#\/schema\/logo\/image\/","url":"https:\/\/fonasa.mindy.cl\/blog\/wp-content\/uploads\/2024\/07\/logo_cuadrado.png","contentUrl":"https:\/\/fonasa.mindy.cl\/blog\/wp-content\/uploads\/2024\/07\/logo_cuadrado.png","width":300,"height":300,"caption":"Mindy Fonasa Blog"},"image":{"@id":"https:\/\/fonasa.mindy.cl\/blog\/#\/schema\/logo\/image\/"}},{"@type":"Person","@id":"https:\/\/fonasa.mindy.cl\/blog\/#\/schema\/person\/fa87761528fa733079f7f77181252f28","name":"estrategamkd@gmail.com","url":"https:\/\/fonasa.mindy.cl\/blog\/author\/estrategamkdgmail-com\/"}]}},"_links":{"self":[{"href":"https:\/\/fonasa.mindy.cl\/blog\/wp-json\/wp\/v2\/posts\/1301"}],"collection":[{"href":"https:\/\/fonasa.mindy.cl\/blog\/wp-json\/wp\/v2\/posts"}],"about":[{"href":"https:\/\/fonasa.mindy.cl\/blog\/wp-json\/wp\/v2\/types\/post"}],"author":[{"embeddable":true,"href":"https:\/\/fonasa.mindy.cl\/blog\/wp-json\/wp\/v2\/users\/3"}],"replies":[{"embeddable":true,"href":"https:\/\/fonasa.mindy.cl\/blog\/wp-json\/wp\/v2\/comments?post=1301"}],"version-history":[{"count":9,"href":"https:\/\/fonasa.mindy.cl\/blog\/wp-json\/wp\/v2\/posts\/1301\/revisions"}],"predecessor-version":[{"id":1681,"href":"https:\/\/fonasa.mindy.cl\/blog\/wp-json\/wp\/v2\/posts\/1301\/revisions\/1681"}],"wp:featuredmedia":[{"embeddable":true,"href":"https:\/\/fonasa.mindy.cl\/blog\/wp-json\/wp\/v2\/media\/1307"}],"wp:attachment":[{"href":"https:\/\/fonasa.mindy.cl\/blog\/wp-json\/wp\/v2\/media?parent=1301"}],"wp:term":[{"taxonomy":"category","embeddable":true,"href":"https:\/\/fonasa.mindy.cl\/blog\/wp-json\/wp\/v2\/categories?post=1301"},{"taxonomy":"post_tag","embeddable":true,"href":"https:\/\/fonasa.mindy.cl\/blog\/wp-json\/wp\/v2\/tags?post=1301"}],"curies":[{"name":"wp","href":"https:\/\/api.w.org\/{rel}","templated":true}]}}