{"id":1281,"date":"2026-01-20T16:19:03","date_gmt":"2026-01-20T19:19:03","guid":{"rendered":"https:\/\/fonasa.mindy.cl\/blog\/?p=1281"},"modified":"2026-03-25T10:30:15","modified_gmt":"2026-03-25T13:30:15","slug":"trastorno-distimico-entendiendo-la-depresion-persistente","status":"publish","type":"post","link":"https:\/\/fonasa.mindy.cl\/blog\/trastorno-distimico-entendiendo-la-depresion-persistente\/","title":{"rendered":"Trastorno dist\u00edmico: Entendiendo la depresi\u00f3n persistente"},"content":{"rendered":"\n<p>Te sientes triste, desanimado y sin energ\u00eda la mayor parte del tiempo, pero logras seguir adelante con tu vida. Cumples con tus responsabilidades, aunque sea con gran esfuerzo, y la gente a tu alrededor quiz\u00e1 ni siquiera se da cuenta de tu lucha interna. Te has acostumbrado a esta sensaci\u00f3n de nubosidad persistente, como si llevaras un &#8220;peso emocional&#8221; cr\u00f3nico. Si esta descripci\u00f3n resuena contigo, es posible que est\u00e9s experimentando algo m\u00e1s profundo que un simple malestar pasajero: podr\u00edas estar viviendo con un <strong>trastorno dist\u00edmico<\/strong>, tambi\u00e9n conocido en el manual diagn\u00f3stico actual (DSM-5) como <strong><a href=\"https:\/\/fonasa.mindy.cl\/blog\/trastorno-depresivo-persistente\/\">Trastorno Depresivo Persistente<\/a><\/strong>. <\/p>\n\n\n\n<p>A diferencia de la depresi\u00f3n mayor, que aparece en episodios intensos, el <strong>trastorno dist\u00edmico<\/strong> es un estado de \u00e1nimo depresivo de baja intensidad pero de larga duraci\u00f3n que se instala silenciosamente en la vida de una persona. Este art\u00edculo, basado en la evidencia cient\u00edfica m\u00e1s actual, te ayudar\u00e1 a entender esta condici\u00f3n, a distinguirla de otros problemas del estado de \u00e1nimo y, lo m\u00e1s importante, a descubrir que existe un camino claro hacia el alivio y la recuperaci\u00f3n del bienestar.<\/p>\n\n\n\n<h2 class=\"wp-block-heading has-x-large-font-size\">Trastorno dist\u00edmico: La depresi\u00f3n que se vuelve un &#8220;fondo&#8221; constante<\/h2>\n\n\n\n<p>La palabra &#8220;distimia&#8221; proviene del griego y significa literalmente &#8220;mal humor&#8221; o &#8220;\u00e1nimo alterado&#8221;. Esto describe a la perfecci\u00f3n la esencia del <strong>trastorno dist\u00edmico<\/strong>: no es un episodio agudo que te paraliza, sino un <strong>estado de \u00e1nimo depresivo cr\u00f3nico<\/strong> que se convierte en el tel\u00f3n de fondo de tu existencia. A menudo, la persona que lo padece puede pensar &#8220;as\u00ed soy yo&#8221; o &#8220;as\u00ed es la vida&#8221;, sin reconocerlo como una condici\u00f3n tratable.<\/p>\n\n\n\n<h3 class=\"wp-block-heading has-large-font-size\">Caracter\u00edsticas principales del trastorno dist\u00edmico<\/h3>\n\n\n\n<p>El <strong>trastorno dist\u00edmico<\/strong> se define por la persistencia de s\u00edntomas depresivos. Los criterios diagn\u00f3sticos actuales establecen que para que un adulto sea diagnosticado, debe experimentar un estado de \u00e1nimo depresivo (o irritable en ni\u00f1os y adolescentes) la mayor parte del d\u00eda, durante m\u00e1s d\u00edas de los que no, por un per\u00edodo de <strong>al menos dos a\u00f1os<\/strong> (un a\u00f1o para ni\u00f1os y adolescentes). Durante este tiempo, la persona no debe haber estado sin s\u00edntomas por m\u00e1s de dos meses seguidos.<\/p>\n\n\n\n<p>Adem\u00e1s del estado de \u00e1nimo bajo, durante este per\u00edodo de dos a\u00f1os deben estar presentes <strong>dos o m\u00e1s<\/strong> de los siguientes s\u00edntomas:<\/p>\n\n\n\n<ul>\n<li>Disminuci\u00f3n o aumento del apetito.<\/li>\n\n\n\n<li>Insomnio o hipersomnia (dormir en exceso).<\/li>\n\n\n\n<li>Falta de energ\u00eda o fatiga.<\/li>\n\n\n\n<li>Baja autoestima.<\/li>\n\n\n\n<li>Dificultad para concentrarse o para tomar decisiones.<\/li>\n\n\n\n<li>Sentimientos de desesperanza.<\/li>\n<\/ul>\n\n\n\n<p>Es crucial entender que, aunque los s\u00edntomas del <strong>trastorno dist\u00edmico<\/strong> son menos intensos que los de un episodio depresivo mayor, su <strong>cronicidad<\/strong> los hace igualmente incapacitantes, erosionando lentamente la calidad de vida, la productividad y la capacidad de experimentar placer.<\/p>\n\n\n\n<h3 class=\"wp-block-heading has-large-font-size\">Distinci\u00f3n clave: Trastorno dist\u00edmico vs. Depresi\u00f3n Mayor<\/h3>\n\n\n\n<p>La gente del com\u00fan suele confundir todos los estados de tristeza bajo el t\u00e9rmino &#8220;depresi\u00f3n&#8221;. Sin embargo, para la psicolog\u00eda y psiquiatr\u00eda, existen diferencias claras:<\/p>\n\n\n\n<ul>\n<li><strong>Intensidad:<\/strong> La depresi\u00f3n mayor se caracteriza por s\u00edntomas <strong>intensos<\/strong> que representan un cambio marcado respecto al funcionamiento previo. El <strong>trastorno dist\u00edmico<\/strong> presenta s\u00edntomas <strong>leves a moderados<\/strong>, pero constantes.<\/li>\n\n\n\n<li><strong>Duraci\u00f3n:<\/strong> Un episodio de depresi\u00f3n mayor debe durar al menos <strong>dos semanas<\/strong>. El <strong>trastorno dist\u00edmico<\/strong> requiere un m\u00ednimo de <strong>dos a\u00f1os<\/strong>.<\/li>\n\n\n\n<li><strong>Curso:<\/strong> La depresi\u00f3n mayor suele tener un curso epis\u00f3dico (aparece, mejora o remite, y puede volver). El <strong>trastorno dist\u00edmico<\/strong> tiene un curso <strong>cr\u00f3nico y persistente<\/strong>, como una l\u00ednea base baja del estado de \u00e1nimo.<\/li>\n\n\n\n<li><strong>Funcionamiento:<\/strong> En la depresi\u00f3n mayor, el deterioro del funcionamiento social, laboral o acad\u00e9mico suele ser <strong>grave y evidente<\/strong>. En el <strong>trastorno dist\u00edmico<\/strong>, la persona puede &#8220;funcionar&#8221;, pero a un costo emocional muy alto, con una sensaci\u00f3n constante de estar luchando cuesta arriba.<\/li>\n<\/ul>\n\n\n\n<h2 class=\"wp-block-heading has-x-large-font-size\">\u00bfPor qu\u00e9 aparece el trastorno dist\u00edmico? Causas y factores de riesgo<\/h2>\n\n\n\n<figure class=\"wp-block-image size-full\"><img loading=\"lazy\" decoding=\"async\" width=\"1000\" height=\"667\" src=\"https:\/\/fonasa.mindy.cl\/blog\/wp-content\/uploads\/2026\/01\/2150038957.jpg\" alt=\"trastorno distimico\" class=\"wp-image-1284\"\/><\/figure>\n\n\n\n<p>Como la mayor\u00eda de los trastornos del estado de \u00e1nimo, el <strong>trastorno dist\u00edmico<\/strong> no tiene una \u00fanica causa. Es el resultado de una compleja interacci\u00f3n entre predisposiciones biol\u00f3gicas, psicol\u00f3gicas y factores ambientales.<\/p>\n\n\n\n<h3 class=\"wp-block-heading has-large-font-size\">La base neurobiol\u00f3gica del \u00e1nimo bajo persistente<\/h3>\n\n\n\n<p>La investigaci\u00f3n cient\u00edfica indica que, al igual que en otros tipos de depresi\u00f3n, en el <strong>trastorno dist\u00edmico<\/strong> hay una disfunci\u00f3n en los sistemas de neurotransmisores del cerebro, especialmente aquellos relacionados con la <strong>serotonina<\/strong>, la <strong>noradrenalina<\/strong> y la <strong>dopamina<\/strong>. Estos qu\u00edmicos cerebrales son fundamentales para regular el estado de \u00e1nimo, el sue\u00f1o, el apetito, la energ\u00eda y la motivaci\u00f3n. <\/p>\n\n\n\n<p>Se ha observado que las personas con trastorno dist\u00edmico pueden tener una actividad reducida en \u00e1reas de la <strong>corteza prefrontal<\/strong>, vinculada a la regulaci\u00f3n emocional y la toma de decisiones, y una mayor actividad en estructuras como la <strong>am\u00edgdala<\/strong>, relacionada con el procesamiento de emociones negativas. Esto crea un desequilibrio que predispone a una visi\u00f3n m\u00e1s pesimista y a una dificultad para experimentar placer (anhedonia).<\/p>\n\n\n\n<h3 class=\"wp-block-heading has-large-font-size\">Factores de riesgo y desencadenantes del trastorno dist\u00edmico<\/h3>\n\n\n\n<ul>\n<li><strong>Gen\u00e9tica y antecedentes familiares:<\/strong> Tener un familiar de primer grado (padres, hermanos) con depresi\u00f3n mayor o <strong>trastorno dist\u00edmico<\/strong> aumenta el riesgo, lo que sugiere una vulnerabilidad hereditaria.<\/li>\n\n\n\n<li><strong>Temperamento y personalidad:<\/strong> Rasgos como el neuroticismo (tendencia a experimentar emociones negativas), la baja autoestima, el pesimismo o el perfeccionismo pueden ser factores de vulnerabilidad.<\/li>\n\n\n\n<li><strong>Eventos vitales estresantes cr\u00f3nicos o tempranos:<\/strong> La exposici\u00f3n prolongada al estr\u00e9s (problemas econ\u00f3micos, relaciones conflictivas, trabajo insatisfactorio) o experiencias de adversidad en la infancia (negligencia, abuso, p\u00e9rdida de un progenitor) pueden desencadenar o perpetuar el trastorno.<\/li>\n\n\n\n<li><strong>Otras condiciones m\u00e9dicas:<\/strong> Enfermedades cr\u00f3nicas (como hipotiroidismo, diabetes, dolor cr\u00f3nico) o otros trastornos mentales (ansiedad, trastornos de la personalidad) suelen coexistir con el <strong>trastorno dist\u00edmico<\/strong>, complicando el cuadro.<\/li>\n<\/ul>\n\n\n\n<h2 class=\"wp-block-heading has-x-large-font-size\">S\u00edntomas y c\u00f3mo afecta la vida diaria el trastorno dist\u00edmico<\/h2>\n\n\n\n<p>Los s\u00edntomas del <strong>trastorno dist\u00edmico<\/strong> suelen ser tan sutiles y persistentes que se confunden con la personalidad o con una visi\u00f3n &#8220;realista&#8221; del mundo. Reconocerlos es el primer paso para buscar ayuda.<\/p>\n\n\n\n<h3 class=\"wp-block-heading has-large-font-size\">Manifestaciones emocionales, cognitivas y f\u00edsicas<\/h3>\n\n\n\n<ul>\n<li><strong>Estado de \u00e1nimo bajo cr\u00f3nico:<\/strong> Una tristeza, vac\u00edo o desesperanza que se siente como un tono de fondo constante. La irritabilidad es tambi\u00e9n muy com\u00fan.<\/li>\n\n\n\n<li><strong>Anhedonia:<\/strong> Dificultad para experimentar placer o inter\u00e9s en actividades que antes se disfrutaban. Los hobbies, la vida social o los pasatiempos pierden su atractivo.<\/li>\n\n\n\n<li><strong>Fatiga y falta de energ\u00eda:<\/strong> Sentirse constantemente cansado, incluso despu\u00e9s de dormir. Las tareas m\u00e1s simples parecen requerir un esfuerzo monumental.<\/li>\n\n\n\n<li><strong>Alteraciones del sue\u00f1o y el apetito:<\/strong> Puede manifestarse como insomnio (dificultad para conciliar o mantener el sue\u00f1o) o hipersomnia (dormir demasiado). El apetito puede disminuir o aumentar, a veces con cambios de peso.<\/li>\n\n\n\n<li><strong>Problemas de concentraci\u00f3n y memoria:<\/strong> Sensaci\u00f3n de &#8220;niebla mental&#8221;, dificultad para enfocarse, tomar decisiones o recordar detalles.<\/li>\n\n\n\n<li><strong>Baja autoestima y autocr\u00edtica:<\/strong> Sentimientos de inutilidad, culpa excesiva y una visi\u00f3n negativa de uno mismo, del mundo y del futuro (la &#8220;tr\u00edada cognitiva&#8221; negativa descrita por Aaron Beck).<\/li>\n\n\n\n<li><strong>Aislamiento social:<\/strong> P\u00e9rdida de inter\u00e9s en relacionarse con otros, tendencia a cancelar planes y a retraerse.<\/li>\n<\/ul>\n\n\n\n<h3 class=\"wp-block-heading has-large-font-size\">El impacto silencioso del trastorno dist\u00edmico en la calidad de vida<\/h3>\n\n\n\n<p>Aunque una persona con <strong>trastorno dist\u00edmico<\/strong> pueda mantener su trabajo y cumplir con sus obligaciones b\u00e1sicas, lo hace a un costo muy alto. Suele experimentar:<\/p>\n\n\n\n<ul>\n<li><strong>Disminuci\u00f3n del rendimiento laboral o acad\u00e9mico:<\/strong> Puede cumplir, pero sin alcanzar su verdadero potencial, con procrastinaci\u00f3n y falta de motivaci\u00f3n.<\/li>\n\n\n\n<li><strong>Dificultades en las relaciones interpersonales:<\/strong> La irritabilidad, el pesimismo y la falta de energ\u00eda pueden generar conflictos con la pareja, familiares y amigos, llevando al aislamiento.<\/li>\n\n\n\n<li><strong>Menor resistencia al estr\u00e9s:<\/strong> La capacidad para afrontar nuevos desaf\u00edos o contratiempos est\u00e1 mermada, lo que puede generar una sensaci\u00f3n de desbordamiento ante problemas que para otros ser\u00edan manejables.<\/li>\n\n\n\n<li><strong>Riesgo de desarrollar depresi\u00f3n mayor:<\/strong> Una de las complicaciones m\u00e1s serias es que el <strong>trastorno dist\u00edmico<\/strong> puede actuar como un sustrato sobre el cual se instale un <strong>episodio depresivo mayor<\/strong>, lo que se conoce como &#8220;depresi\u00f3n doble&#8221;. Esto intensifica dram\u00e1ticamente los s\u00edntomas y el deterioro.<\/li>\n<\/ul>\n\n\n\n<h2 class=\"wp-block-heading has-x-large-font-size\">Diagn\u00f3stico y tratamiento del trastorno dist\u00edmico: Un camino hacia la recuperaci\u00f3n<\/h2>\n\n\n\n<figure class=\"wp-block-image size-full\"><img loading=\"lazy\" decoding=\"async\" width=\"1000\" height=\"667\" src=\"https:\/\/fonasa.mindy.cl\/blog\/wp-content\/uploads\/2026\/01\/2150163851.jpg\" alt=\"trastorno distimico\" class=\"wp-image-1285\"\/><\/figure>\n\n\n\n<p>El <strong>trastorno dist\u00edmico<\/strong> es altamente tratable. Un diagn\u00f3stico correcto es la llave que abre la puerta a intervenciones efectivas que pueden cambiar radicalmente la calidad de vida de una persona.<\/p>\n\n\n\n<h3 class=\"wp-block-heading has-large-font-size\">El proceso de evaluaci\u00f3n y diagn\u00f3stico<\/h3>\n\n\n\n<p>Diagnosticar un <strong>trastorno dist\u00edmico<\/strong> requiere una evaluaci\u00f3n cuidadosa por parte de un profesional de la salud mental (psic\u00f3logo o psiquiatra), ya que sus s\u00edntomas se solapan con otros trastornos. El proceso generalmente incluye:<\/p>\n\n\n\n<ol>\n<li><strong>Entrevista cl\u00ednica exhaustiva:<\/strong> El profesional explorar\u00e1 la historia de los s\u00edntomas, su duraci\u00f3n, intensidad y el impacto en diferentes \u00e1reas de la vida. Es importante descartar causas m\u00e9dicas (como problemas de tiroides).<\/li>\n\n\n\n<li><strong>Uso de escalas de evaluaci\u00f3n:<\/strong> Pueden utilizarse cuestionarios estandarizados para medir la gravedad de los s\u00edntomas depresivos.<\/li>\n\n\n\n<li><strong>Diagn\u00f3stico diferencial:<\/strong> El profesional descartar\u00e1 otras condiciones como la depresi\u00f3n mayor en remisi\u00f3n parcial, los trastornos de adaptaci\u00f3n con estado de \u00e1nimo depresivo, o ciertos trastornos de la personalidad (como el trastorno l\u00edmite o el evitativo) que pueden presentar s\u00edntomas similares.<\/li>\n<\/ol>\n\n\n\n<h2 class=\"wp-block-heading has-x-large-font-size\">Tratamientos del trastorno dist\u00edmico basados en evidencia<\/h2>\n\n\n\n<p>El abordaje m\u00e1s efectivo para el <strong>trastorno dist\u00edmico<\/strong> suele ser una combinaci\u00f3n de psicoterapia y, en algunos casos, medicaci\u00f3n.<\/p>\n\n\n\n<h3 class=\"wp-block-heading has-large-font-size\"><strong>1. Psicoterapia (el pilar fundamental):<\/strong><\/h3>\n\n\n\n<ul>\n<li><strong>Terapia Cognitivo-Conductual (TCC):<\/strong> Es la psicoterapia con mayor respaldo cient\u00edfico para la distimia. Se centra en identificar y modificar los <strong>patrones de pensamiento negativos y distorsionados<\/strong> (como el catastrofismo, la generalizaci\u00f3n excesiva) y las <strong>conductas de evitaci\u00f3n<\/strong> que mantienen el estado de \u00e1nimo bajo. Ayuda a la persona a desarrollar habilidades para manejar los s\u00edntomas, planificar actividades placenteras y resolver problemas.<\/li>\n\n\n\n<li><strong>Terapia de Activaci\u00f3n Conductual:<\/strong> Parte de la TCC, se enfoca en romper el ciclo de la inactividad. Ayuda a programar gradualmente actividades que generen una sensaci\u00f3n de logro o placer, entendiendo que la <strong>acci\u00f3n precede a la motivaci\u00f3n<\/strong>, no al rev\u00e9s.<\/li>\n\n\n\n<li><strong>Terapia de Aceptaci\u00f3n y Compromiso (ACT):<\/strong> Ense\u00f1a a aceptar los pensamientos y emociones dolorosas sin luchar contra ellos, y a comprometerse con acciones valiosas acordes a los propios valores, a pesar de la presencia del malestar.<\/li>\n<\/ul>\n\n\n\n<h3 class=\"wp-block-heading has-large-font-size\"><strong>2. Farmacoterapia (cuando es necesaria):<\/strong><\/h3>\n\n\n\n<p>Los <strong>antidepresivos<\/strong>, particularmente los Inhibidores Selectivos de la Recaptaci\u00f3n de Serotonina (ISRS), pueden ser \u00fatiles, especialmente en casos de mayor gravedad o cuando la psicoterapia por s\u00ed sola no es suficiente. Es fundamental que sean recetados y monitorizados por un <strong>m\u00e9dico psiquiatra<\/strong>, quien evaluar\u00e1 la necesidad, el tipo de f\u00e1rmaco y la dosis adecuada. El tratamiento farmacol\u00f3gico para la distimia suele requerir un tiempo prolongado para ser efectivo y prevenir reca\u00eddas.<\/p>\n\n\n\n<h3 class=\"wp-block-heading has-large-font-size\"><strong>3. Cambios en el estilo de vida (como coadyuvantes esenciales):<\/strong><\/h3>\n\n\n\n<ul>\n<li><strong>Ejercicio f\u00edsico regular:<\/strong> Es un potent\u00edsimo antidepresivo natural. Libera endorfinas, reduce el estr\u00e9s y mejora el sue\u00f1o y la autoestima.<\/li>\n\n\n\n<li><strong>Higiene del sue\u00f1o:<\/strong> Establecer una rutina fija para dormir y despertar es crucial para regular el estado de \u00e1nimo.<\/li>\n\n\n\n<li><strong>Alimentaci\u00f3n equilibrada:<\/strong> Una dieta rica en nutrientes esenciales (como omega-3, vitaminas del grupo B) apoya la salud cerebral.<\/li>\n\n\n\n<li><strong>Reducci\u00f3n del consumo de alcohol y drogas:<\/strong> Estas sustancias son depresoras del sistema nervioso central y empeoran los s\u00edntomas.<\/li>\n<\/ul>\n\n\n\n<h2 class=\"wp-block-heading has-x-large-font-size\">Fonasa Mindy: Tu aliado en el tratamiento del trastorno dist\u00edmico<\/h2>\n\n\n\n<p>Vivir con un <strong>trastorno dist\u00edmico<\/strong> puede ser una experiencia solitaria y desgastante. La idea de buscar ayuda puede sentirse abrumadora, especialmente cuando la falta de energ\u00eda y la desesperanza son constantes. En <strong><a href=\"https:\/\/fonasa.mindy.cl\/#\/\">Fonasa Mindy<\/a><\/strong> entendemos estos desaf\u00edos y ofrecemos un camino accesible hacia el alivio a trav\u00e9s de la <strong>terapia psicol\u00f3gica online<\/strong>, disponible con tu cobertura de Fonasa.<\/p>\n\n\n\n<h3 class=\"wp-block-heading has-large-font-size\">\u00bfC\u00f3mo puede ayudarte Fonasa Mindy?<\/h3>\n\n\n\n<ul>\n<li><strong>Evaluaci\u00f3n y diagn\u00f3stico profesional online:<\/strong> Nuestros psic\u00f3logos especializados pueden realizar una evaluaci\u00f3n completa para determinar si lo que experimentas se ajusta a un <strong>trastorno dist\u00edmico<\/strong>, diferenci\u00e1ndolo de otras formas de malestar emocional.<\/li>\n\n\n\n<li><strong>Terapia Cognitivo-Conductual (TCC) online:<\/strong> Te ofrecemos sesiones de TCC, el tratamiento de primera l\u00ednea para la distimia, desde la comodidad de tu hogar. Aprender\u00e1s herramientas concretas para desafiar los pensamientos negativos autom\u00e1ticos, aumentar tu actividad y recuperar el inter\u00e9s por la vida.<\/li>\n\n\n\n<li><strong>Acompa\u00f1amiento en la activaci\u00f3n conductual:<\/strong> Te guiaremos paso a paso para romper el ciclo de la inactividad y la p\u00e9rdida de inter\u00e9s, ayud\u00e1ndote a programar y realizar peque\u00f1as actividades que reconecten con fuentes de gratificaci\u00f3n y dominio personal.<\/li>\n\n\n\n<li><strong>Manejo de la cronicidad y prevenci\u00f3n de reca\u00eddas:<\/strong> La terapia no solo se enfoca en el alivio inmediato, sino en proporcionarte estrategias a largo plazo para manejar los s\u00edntomas, identificar se\u00f1ales de alerta y mantener los logros alcanzados.<\/li>\n\n\n\n<li><strong>Accesibilidad y comodidad con Fonasa:<\/strong> Eliminamos las barreras de desplazamiento, horarios r\u00edgidos y listas de espera. Puedes conectarte con tu psic\u00f3logo desde un espacio donde te sientas seguro, utilizando tu beneficio de Fonasa, lo que facilita la constancia, un factor clave para el \u00e9xito en el tratamiento de una condici\u00f3n cr\u00f3nica.<\/li>\n<\/ul>\n\n\n\n<h3 class=\"wp-block-heading has-large-font-size\"><strong>El trastorno dist\u00edmico tiene tratamiento<\/strong><\/h3>\n\n\n\n<p>No tienes que acostumbrarte a vivir con este peso emocional constante. El <strong>trastorno dist\u00edmico<\/strong> tiene tratamiento y la recuperaci\u00f3n es posible. Tomar la decisi\u00f3n de pedir ayuda es el primer y m\u00e1s valioso paso. Conoce c\u00f3mo podemos apoyarte en <a href=\"https:\/\/fonasa.mindy.cl\/psicologos.php#\/\"><strong>Psic\u00f3logos online Fonasa Mindy<\/strong><\/a>.<\/p>\n\n\n\n<p>El <strong>trastorno dist\u00edmico<\/strong> es esa niebla emocional persistente que hace que el mundo se vea en tonos grises, pero es crucial recordar que esta niebla <strong>no es tu realidad permanente ni tu identidad<\/strong>. Es una condici\u00f3n de salud tratable que responde muy bien a intervenciones psicol\u00f3gicas basadas en evidencia. Reconocer que esa tristeza constante y el cansancio cr\u00f3nico tienen un nombre y una explicaci\u00f3n es un acto de autocompasi\u00f3n y de reafirmaci\u00f3n de que mereces sentirte mejor. <\/p>\n\n\n\n<p>El camino hacia la recuperaci\u00f3n implica aprender a redirigir la atenci\u00f3n, a desafiar los pensamientos que alimentan el malestar y a reconstruir, de a poco, una vida con significado y momentos de genuino bienestar. No subestimes el impacto de lo que has estado soportando; busca el apoyo profesional que mereces. En <a href=\"https:\/\/fonasa.mindy.cl\/#\/\"><strong>Fonasa Mindy<\/strong><\/a> estamos listos para acompa\u00f1arte con herramientas efectivas y un espacio de confianza en este viaje hacia la claridad emocional.<\/p>\n\n\n\n<p><em>Para explorar m\u00e1s recursos sobre salud mental y bienestar emocional, visita<\/em> <a href=\"https:\/\/mindy.cl\/\"><strong>Mindy<\/strong><\/a> <em>y descubre una comunidad de apoyo.<\/em><\/p>\n\n\n\n<h2 class=\"wp-block-heading has-x-large-font-size\">Conocerte es el primer paso para sanar<\/h2>\n\n\n\n<p>Entender lo que sientes es clave para encontrar el apoyo indicado. En&nbsp;<strong>Fonasa&nbsp;<a href=\"https:\/\/mindy.cl\/\" target=\"_blank\" rel=\"noreferrer noopener\">Mindy.cl<\/a><\/strong>&nbsp;te ofrecemos una herramienta sencilla: un <strong>Quiz dise\u00f1ado para ayudarte a evaluar tus niveles de depresi\u00f3n<\/strong> y as\u00ed poder acceder a la terapia psicol\u00f3gica que realmente se ajusta a tus necesidades. No dejes pasar esta oportunidad de cuidar tu mente.<\/p>\n\n\n\n<p>\ud83c\udfaf&nbsp;<strong>Realiza el Quiz gratuito:<\/strong>&nbsp;<a href=\"https:\/\/form.typeform.com\/to\/P78CVEPt\" target=\"_blank\" rel=\"noreferrer noopener\"><strong>https:\/\/form.typeform.com\/to\/P78CVEPt<\/strong><\/a><\/p>\n","protected":false},"excerpt":{"rendered":"<p>Te sientes triste, desanimado y sin energ\u00eda la mayor parte del tiempo, pero logras seguir adelante con tu vida. Cumples con tus responsabilidades, aunque sea con gran esfuerzo, y la gente a tu alrededor quiz\u00e1 ni siquiera se da cuenta de tu lucha interna. Te has acostumbrado a esta sensaci\u00f3n de nubosidad persistente, como si [&hellip;]<\/p>\n","protected":false},"author":3,"featured_media":1283,"comment_status":"closed","ping_status":"closed","sticky":false,"template":"","format":"standard","meta":{"footnotes":""},"categories":[278],"tags":[],"yoast_head":"<!-- This site is optimized with the Yoast SEO plugin v23.0 - https:\/\/yoast.com\/wordpress\/plugins\/seo\/ -->\n<title>Trastorno dist\u00edmico: Entendiendo la depresi\u00f3n persistente<\/title>\n<meta name=\"description\" content=\"\u00bfSientes una tristeza constante? Conoce el trastorno dist\u00edmico, sus s\u00edntomas y tratamiento. Fonasa Mindy te ofrece apoyo psicol\u00f3gico online.\" \/>\n<meta name=\"robots\" content=\"index, follow, max-snippet:-1, max-image-preview:large, max-video-preview:-1\" \/>\n<link rel=\"canonical\" href=\"https:\/\/fonasa.mindy.cl\/blog\/trastorno-distimico-entendiendo-la-depresion-persistente\/\" \/>\n<meta property=\"og:locale\" content=\"es_ES\" \/>\n<meta property=\"og:type\" content=\"article\" \/>\n<meta property=\"og:title\" content=\"Trastorno dist\u00edmico: Entendiendo la depresi\u00f3n persistente\" \/>\n<meta property=\"og:description\" content=\"\u00bfSientes una tristeza constante? Conoce el trastorno dist\u00edmico, sus s\u00edntomas y tratamiento. Fonasa Mindy te ofrece apoyo psicol\u00f3gico online.\" \/>\n<meta property=\"og:url\" content=\"https:\/\/fonasa.mindy.cl\/blog\/trastorno-distimico-entendiendo-la-depresion-persistente\/\" \/>\n<meta property=\"og:site_name\" content=\"Mindy Fonasa Blog\" \/>\n<meta property=\"article:published_time\" content=\"2026-01-20T19:19:03+00:00\" \/>\n<meta property=\"article:modified_time\" content=\"2026-03-25T13:30:15+00:00\" \/>\n<meta property=\"og:image\" content=\"https:\/\/fonasa.mindy.cl\/blog\/wp-content\/uploads\/2026\/01\/139543.jpg\" \/>\n\t<meta property=\"og:image:width\" content=\"1000\" \/>\n\t<meta property=\"og:image:height\" content=\"738\" \/>\n\t<meta property=\"og:image:type\" content=\"image\/jpeg\" \/>\n<meta name=\"author\" content=\"estrategamkd@gmail.com\" \/>\n<meta name=\"twitter:card\" content=\"summary_large_image\" \/>\n<meta name=\"twitter:label1\" content=\"Written by\" \/>\n\t<meta name=\"twitter:data1\" content=\"estrategamkd@gmail.com\" \/>\n\t<meta name=\"twitter:label2\" content=\"Est. reading time\" \/>\n\t<meta name=\"twitter:data2\" content=\"11 minutos\" \/>\n<script type=\"application\/ld+json\" class=\"yoast-schema-graph\">{\"@context\":\"https:\/\/schema.org\",\"@graph\":[{\"@type\":\"Article\",\"@id\":\"https:\/\/fonasa.mindy.cl\/blog\/trastorno-distimico-entendiendo-la-depresion-persistente\/#article\",\"isPartOf\":{\"@id\":\"https:\/\/fonasa.mindy.cl\/blog\/trastorno-distimico-entendiendo-la-depresion-persistente\/\"},\"author\":{\"name\":\"estrategamkd@gmail.com\",\"@id\":\"https:\/\/fonasa.mindy.cl\/blog\/#\/schema\/person\/fa87761528fa733079f7f77181252f28\"},\"headline\":\"Trastorno dist\u00edmico: Entendiendo la depresi\u00f3n persistente\",\"datePublished\":\"2026-01-20T19:19:03+00:00\",\"dateModified\":\"2026-03-25T13:30:15+00:00\",\"mainEntityOfPage\":{\"@id\":\"https:\/\/fonasa.mindy.cl\/blog\/trastorno-distimico-entendiendo-la-depresion-persistente\/\"},\"wordCount\":2586,\"publisher\":{\"@id\":\"https:\/\/fonasa.mindy.cl\/blog\/#organization\"},\"image\":{\"@id\":\"https:\/\/fonasa.mindy.cl\/blog\/trastorno-distimico-entendiendo-la-depresion-persistente\/#primaryimage\"},\"thumbnailUrl\":\"https:\/\/fonasa.mindy.cl\/blog\/wp-content\/uploads\/2026\/01\/139543.jpg\",\"articleSection\":[\"Depresi\u00f3n\"],\"inLanguage\":\"es-CL\"},{\"@type\":\"WebPage\",\"@id\":\"https:\/\/fonasa.mindy.cl\/blog\/trastorno-distimico-entendiendo-la-depresion-persistente\/\",\"url\":\"https:\/\/fonasa.mindy.cl\/blog\/trastorno-distimico-entendiendo-la-depresion-persistente\/\",\"name\":\"Trastorno dist\u00edmico: Entendiendo la depresi\u00f3n persistente\",\"isPartOf\":{\"@id\":\"https:\/\/fonasa.mindy.cl\/blog\/#website\"},\"primaryImageOfPage\":{\"@id\":\"https:\/\/fonasa.mindy.cl\/blog\/trastorno-distimico-entendiendo-la-depresion-persistente\/#primaryimage\"},\"image\":{\"@id\":\"https:\/\/fonasa.mindy.cl\/blog\/trastorno-distimico-entendiendo-la-depresion-persistente\/#primaryimage\"},\"thumbnailUrl\":\"https:\/\/fonasa.mindy.cl\/blog\/wp-content\/uploads\/2026\/01\/139543.jpg\",\"datePublished\":\"2026-01-20T19:19:03+00:00\",\"dateModified\":\"2026-03-25T13:30:15+00:00\",\"description\":\"\u00bfSientes una tristeza constante? Conoce el trastorno dist\u00edmico, sus s\u00edntomas y tratamiento. Fonasa Mindy te ofrece apoyo psicol\u00f3gico online.\",\"breadcrumb\":{\"@id\":\"https:\/\/fonasa.mindy.cl\/blog\/trastorno-distimico-entendiendo-la-depresion-persistente\/#breadcrumb\"},\"inLanguage\":\"es-CL\",\"potentialAction\":[{\"@type\":\"ReadAction\",\"target\":[\"https:\/\/fonasa.mindy.cl\/blog\/trastorno-distimico-entendiendo-la-depresion-persistente\/\"]}]},{\"@type\":\"ImageObject\",\"inLanguage\":\"es-CL\",\"@id\":\"https:\/\/fonasa.mindy.cl\/blog\/trastorno-distimico-entendiendo-la-depresion-persistente\/#primaryimage\",\"url\":\"https:\/\/fonasa.mindy.cl\/blog\/wp-content\/uploads\/2026\/01\/139543.jpg\",\"contentUrl\":\"https:\/\/fonasa.mindy.cl\/blog\/wp-content\/uploads\/2026\/01\/139543.jpg\",\"width\":1000,\"height\":738,\"caption\":\"trastorno distimico\"},{\"@type\":\"BreadcrumbList\",\"@id\":\"https:\/\/fonasa.mindy.cl\/blog\/trastorno-distimico-entendiendo-la-depresion-persistente\/#breadcrumb\",\"itemListElement\":[{\"@type\":\"ListItem\",\"position\":1,\"name\":\"Home\",\"item\":\"https:\/\/fonasa.mindy.cl\/blog\/\"},{\"@type\":\"ListItem\",\"position\":2,\"name\":\"Trastorno dist\u00edmico: Entendiendo la depresi\u00f3n persistente\"}]},{\"@type\":\"WebSite\",\"@id\":\"https:\/\/fonasa.mindy.cl\/blog\/#website\",\"url\":\"https:\/\/fonasa.mindy.cl\/blog\/\",\"name\":\"Mindy Fonasa Blog\",\"description\":\"Un blog de salud mental\",\"publisher\":{\"@id\":\"https:\/\/fonasa.mindy.cl\/blog\/#organization\"},\"potentialAction\":[{\"@type\":\"SearchAction\",\"target\":{\"@type\":\"EntryPoint\",\"urlTemplate\":\"https:\/\/fonasa.mindy.cl\/blog\/?s={search_term_string}\"},\"query-input\":\"required name=search_term_string\"}],\"inLanguage\":\"es-CL\"},{\"@type\":\"Organization\",\"@id\":\"https:\/\/fonasa.mindy.cl\/blog\/#organization\",\"name\":\"Mindy Fonasa Blog\",\"url\":\"https:\/\/fonasa.mindy.cl\/blog\/\",\"logo\":{\"@type\":\"ImageObject\",\"inLanguage\":\"es-CL\",\"@id\":\"https:\/\/fonasa.mindy.cl\/blog\/#\/schema\/logo\/image\/\",\"url\":\"https:\/\/fonasa.mindy.cl\/blog\/wp-content\/uploads\/2024\/07\/logo_cuadrado.png\",\"contentUrl\":\"https:\/\/fonasa.mindy.cl\/blog\/wp-content\/uploads\/2024\/07\/logo_cuadrado.png\",\"width\":300,\"height\":300,\"caption\":\"Mindy Fonasa Blog\"},\"image\":{\"@id\":\"https:\/\/fonasa.mindy.cl\/blog\/#\/schema\/logo\/image\/\"}},{\"@type\":\"Person\",\"@id\":\"https:\/\/fonasa.mindy.cl\/blog\/#\/schema\/person\/fa87761528fa733079f7f77181252f28\",\"name\":\"estrategamkd@gmail.com\",\"url\":\"https:\/\/fonasa.mindy.cl\/blog\/author\/estrategamkdgmail-com\/\"}]}<\/script>\n<!-- \/ Yoast SEO plugin. -->","yoast_head_json":{"title":"Trastorno dist\u00edmico: Entendiendo la depresi\u00f3n persistente","description":"\u00bfSientes una tristeza constante? Conoce el trastorno dist\u00edmico, sus s\u00edntomas y tratamiento. Fonasa Mindy te ofrece apoyo psicol\u00f3gico online.","robots":{"index":"index","follow":"follow","max-snippet":"max-snippet:-1","max-image-preview":"max-image-preview:large","max-video-preview":"max-video-preview:-1"},"canonical":"https:\/\/fonasa.mindy.cl\/blog\/trastorno-distimico-entendiendo-la-depresion-persistente\/","og_locale":"es_ES","og_type":"article","og_title":"Trastorno dist\u00edmico: Entendiendo la depresi\u00f3n persistente","og_description":"\u00bfSientes una tristeza constante? Conoce el trastorno dist\u00edmico, sus s\u00edntomas y tratamiento. Fonasa Mindy te ofrece apoyo psicol\u00f3gico online.","og_url":"https:\/\/fonasa.mindy.cl\/blog\/trastorno-distimico-entendiendo-la-depresion-persistente\/","og_site_name":"Mindy Fonasa Blog","article_published_time":"2026-01-20T19:19:03+00:00","article_modified_time":"2026-03-25T13:30:15+00:00","og_image":[{"width":1000,"height":738,"url":"https:\/\/fonasa.mindy.cl\/blog\/wp-content\/uploads\/2026\/01\/139543.jpg","type":"image\/jpeg"}],"author":"estrategamkd@gmail.com","twitter_card":"summary_large_image","twitter_misc":{"Written by":"estrategamkd@gmail.com","Est. reading time":"11 minutos"},"schema":{"@context":"https:\/\/schema.org","@graph":[{"@type":"Article","@id":"https:\/\/fonasa.mindy.cl\/blog\/trastorno-distimico-entendiendo-la-depresion-persistente\/#article","isPartOf":{"@id":"https:\/\/fonasa.mindy.cl\/blog\/trastorno-distimico-entendiendo-la-depresion-persistente\/"},"author":{"name":"estrategamkd@gmail.com","@id":"https:\/\/fonasa.mindy.cl\/blog\/#\/schema\/person\/fa87761528fa733079f7f77181252f28"},"headline":"Trastorno dist\u00edmico: Entendiendo la depresi\u00f3n persistente","datePublished":"2026-01-20T19:19:03+00:00","dateModified":"2026-03-25T13:30:15+00:00","mainEntityOfPage":{"@id":"https:\/\/fonasa.mindy.cl\/blog\/trastorno-distimico-entendiendo-la-depresion-persistente\/"},"wordCount":2586,"publisher":{"@id":"https:\/\/fonasa.mindy.cl\/blog\/#organization"},"image":{"@id":"https:\/\/fonasa.mindy.cl\/blog\/trastorno-distimico-entendiendo-la-depresion-persistente\/#primaryimage"},"thumbnailUrl":"https:\/\/fonasa.mindy.cl\/blog\/wp-content\/uploads\/2026\/01\/139543.jpg","articleSection":["Depresi\u00f3n"],"inLanguage":"es-CL"},{"@type":"WebPage","@id":"https:\/\/fonasa.mindy.cl\/blog\/trastorno-distimico-entendiendo-la-depresion-persistente\/","url":"https:\/\/fonasa.mindy.cl\/blog\/trastorno-distimico-entendiendo-la-depresion-persistente\/","name":"Trastorno dist\u00edmico: Entendiendo la depresi\u00f3n persistente","isPartOf":{"@id":"https:\/\/fonasa.mindy.cl\/blog\/#website"},"primaryImageOfPage":{"@id":"https:\/\/fonasa.mindy.cl\/blog\/trastorno-distimico-entendiendo-la-depresion-persistente\/#primaryimage"},"image":{"@id":"https:\/\/fonasa.mindy.cl\/blog\/trastorno-distimico-entendiendo-la-depresion-persistente\/#primaryimage"},"thumbnailUrl":"https:\/\/fonasa.mindy.cl\/blog\/wp-content\/uploads\/2026\/01\/139543.jpg","datePublished":"2026-01-20T19:19:03+00:00","dateModified":"2026-03-25T13:30:15+00:00","description":"\u00bfSientes una tristeza constante? Conoce el trastorno dist\u00edmico, sus s\u00edntomas y tratamiento. Fonasa Mindy te ofrece apoyo psicol\u00f3gico online.","breadcrumb":{"@id":"https:\/\/fonasa.mindy.cl\/blog\/trastorno-distimico-entendiendo-la-depresion-persistente\/#breadcrumb"},"inLanguage":"es-CL","potentialAction":[{"@type":"ReadAction","target":["https:\/\/fonasa.mindy.cl\/blog\/trastorno-distimico-entendiendo-la-depresion-persistente\/"]}]},{"@type":"ImageObject","inLanguage":"es-CL","@id":"https:\/\/fonasa.mindy.cl\/blog\/trastorno-distimico-entendiendo-la-depresion-persistente\/#primaryimage","url":"https:\/\/fonasa.mindy.cl\/blog\/wp-content\/uploads\/2026\/01\/139543.jpg","contentUrl":"https:\/\/fonasa.mindy.cl\/blog\/wp-content\/uploads\/2026\/01\/139543.jpg","width":1000,"height":738,"caption":"trastorno distimico"},{"@type":"BreadcrumbList","@id":"https:\/\/fonasa.mindy.cl\/blog\/trastorno-distimico-entendiendo-la-depresion-persistente\/#breadcrumb","itemListElement":[{"@type":"ListItem","position":1,"name":"Home","item":"https:\/\/fonasa.mindy.cl\/blog\/"},{"@type":"ListItem","position":2,"name":"Trastorno dist\u00edmico: Entendiendo la depresi\u00f3n persistente"}]},{"@type":"WebSite","@id":"https:\/\/fonasa.mindy.cl\/blog\/#website","url":"https:\/\/fonasa.mindy.cl\/blog\/","name":"Mindy Fonasa Blog","description":"Un blog de salud mental","publisher":{"@id":"https:\/\/fonasa.mindy.cl\/blog\/#organization"},"potentialAction":[{"@type":"SearchAction","target":{"@type":"EntryPoint","urlTemplate":"https:\/\/fonasa.mindy.cl\/blog\/?s={search_term_string}"},"query-input":"required name=search_term_string"}],"inLanguage":"es-CL"},{"@type":"Organization","@id":"https:\/\/fonasa.mindy.cl\/blog\/#organization","name":"Mindy Fonasa Blog","url":"https:\/\/fonasa.mindy.cl\/blog\/","logo":{"@type":"ImageObject","inLanguage":"es-CL","@id":"https:\/\/fonasa.mindy.cl\/blog\/#\/schema\/logo\/image\/","url":"https:\/\/fonasa.mindy.cl\/blog\/wp-content\/uploads\/2024\/07\/logo_cuadrado.png","contentUrl":"https:\/\/fonasa.mindy.cl\/blog\/wp-content\/uploads\/2024\/07\/logo_cuadrado.png","width":300,"height":300,"caption":"Mindy Fonasa Blog"},"image":{"@id":"https:\/\/fonasa.mindy.cl\/blog\/#\/schema\/logo\/image\/"}},{"@type":"Person","@id":"https:\/\/fonasa.mindy.cl\/blog\/#\/schema\/person\/fa87761528fa733079f7f77181252f28","name":"estrategamkd@gmail.com","url":"https:\/\/fonasa.mindy.cl\/blog\/author\/estrategamkdgmail-com\/"}]}},"_links":{"self":[{"href":"https:\/\/fonasa.mindy.cl\/blog\/wp-json\/wp\/v2\/posts\/1281"}],"collection":[{"href":"https:\/\/fonasa.mindy.cl\/blog\/wp-json\/wp\/v2\/posts"}],"about":[{"href":"https:\/\/fonasa.mindy.cl\/blog\/wp-json\/wp\/v2\/types\/post"}],"author":[{"embeddable":true,"href":"https:\/\/fonasa.mindy.cl\/blog\/wp-json\/wp\/v2\/users\/3"}],"replies":[{"embeddable":true,"href":"https:\/\/fonasa.mindy.cl\/blog\/wp-json\/wp\/v2\/comments?post=1281"}],"version-history":[{"count":5,"href":"https:\/\/fonasa.mindy.cl\/blog\/wp-json\/wp\/v2\/posts\/1281\/revisions"}],"predecessor-version":[{"id":1707,"href":"https:\/\/fonasa.mindy.cl\/blog\/wp-json\/wp\/v2\/posts\/1281\/revisions\/1707"}],"wp:featuredmedia":[{"embeddable":true,"href":"https:\/\/fonasa.mindy.cl\/blog\/wp-json\/wp\/v2\/media\/1283"}],"wp:attachment":[{"href":"https:\/\/fonasa.mindy.cl\/blog\/wp-json\/wp\/v2\/media?parent=1281"}],"wp:term":[{"taxonomy":"category","embeddable":true,"href":"https:\/\/fonasa.mindy.cl\/blog\/wp-json\/wp\/v2\/categories?post=1281"},{"taxonomy":"post_tag","embeddable":true,"href":"https:\/\/fonasa.mindy.cl\/blog\/wp-json\/wp\/v2\/tags?post=1281"}],"curies":[{"name":"wp","href":"https:\/\/api.w.org\/{rel}","templated":true}]}}