{"id":1256,"date":"2026-01-20T13:44:37","date_gmt":"2026-01-20T16:44:37","guid":{"rendered":"https:\/\/fonasa.mindy.cl\/blog\/?p=1256"},"modified":"2026-02-20T11:14:53","modified_gmt":"2026-02-20T14:14:53","slug":"la-esquizofrenia-es-hereditaria","status":"publish","type":"post","link":"https:\/\/fonasa.mindy.cl\/blog\/la-esquizofrenia-es-hereditaria\/","title":{"rendered":"La esquizofrenia es hereditaria: Verdades, mitos y factores de riesgo"},"content":{"rendered":"\n<p>La pregunta &#8220;\u00bf<strong>la esquizofrenia es hereditaria<\/strong>?&#8221; suele surgir en familias donde alguien ha recibido este diagn\u00f3stico, generando preocupaci\u00f3n, miedo y muchas dudas sobre el futuro. Es una pregunta leg\u00edtima y comprensible, que toca la esencia de c\u00f3mo entendemos esta condici\u00f3n tan compleja. La respuesta, basada en d\u00e9cadas de investigaci\u00f3n cient\u00edfica, no es un simple &#8220;s\u00ed&#8221; o &#8220;no&#8221;. En realidad, la esquizofrenia es un trastorno del neurodesarrollo en el que la <strong>gen\u00e9tica juega un papel fundamental, pero no determinante<\/strong>. Tener familiares con la enfermedad aumenta el riesgo, pero no es una sentencia ineludible; es solo una pieza de un rompecabezas mucho m\u00e1s grande donde factores ambientales y biol\u00f3gicos interact\u00faan. <\/p>\n\n\n\n<p>Este art\u00edculo, fundamentado en la evidencia m\u00e1s actual, despejar\u00e1 mitos, explicar\u00e1 con claridad la base gen\u00e9tica y te mostrar\u00e1 que comprender este riesgo es el primer paso para la prevenci\u00f3n, la detecci\u00f3n temprana y la construcci\u00f3n de un futuro con bienestar, independientemente de la historia familiar.<\/p>\n\n\n\n<h2 class=\"wp-block-heading has-x-large-font-size\">La esquizofrenia es hereditaria: Explicando el componente gen\u00e9tico<\/h2>\n\n\n\n<p>Cuando nos preguntamos si <strong>la esquizofrenia es hereditaria<\/strong>, debemos adentrarnos en el mundo de la gen\u00e9tica compleja. A diferencia de enfermedades causadas por un solo gen (como la fibrosis qu\u00edstica), la esquizofrenia sigue un patr\u00f3n de <strong>herencia polig\u00e9nica<\/strong>. Esto significa que no existe un &#8220;gen de la esquizofrenia&#8221;, sino una combinaci\u00f3n de m\u00faltiples variaciones gen\u00e9ticas comunes (llamadas <strong>polimorfismos<\/strong>), cada una de las cuales contribuye con un riesgo muy peque\u00f1o.<\/p>\n\n\n\n<h3 class=\"wp-block-heading has-large-font-size\">Lo que nos dicen los estudios familiares y de gemelos<\/h3>\n\n\n\n<p>La investigaci\u00f3n ha podido cuantificar el riesgo relativo al observar la frecuencia de la esquizofrenia en familias. Los datos son elocuentes:<\/p>\n\n\n\n<ul>\n<li><strong>Riesgo en la poblaci\u00f3n general:<\/strong> Aproximadamente <strong>1%<\/strong> de las personas desarrollar\u00e1 esquizofrenia a lo largo de su vida.<\/li>\n\n\n\n<li><strong>Si un hermano o uno de los padres la tiene:<\/strong> El riesgo aumenta a alrededor del <strong>6-10%<\/strong>.<\/li>\n\n\n\n<li><strong>Si ambos padres la tienen:<\/strong> El riesgo puede ser de aproximadamente <strong>40-50%<\/strong>.<\/li>\n\n\n\n<li><strong>Estudios con gemelos:<\/strong> Este es el dato m\u00e1s revelador. Si un gemelo <strong>id\u00e9ntico<\/strong> (monocig\u00f3tico, que comparte el 100% de sus genes) desarrolla esquizofrenia, el riesgo para el otro gemelo es de aproximadamente <strong>40-50%<\/strong>. Esto demuestra que, aunque la gen\u00e9tica es el factor de riesgo m\u00e1s fuerte, <strong>no es determinante<\/strong>. Si los genes fueran la \u00fanica causa, el riesgo en gemelos id\u00e9nticos ser\u00eda del 100%. El hecho de que no lo sea confirma el papel crucial de factores <strong>no gen\u00e9ticos<\/strong>.<\/li>\n<\/ul>\n\n\n\n<h3 class=\"wp-block-heading has-large-font-size\">La base neurobiol\u00f3gica del riesgo gen\u00e9tico<\/h3>\n\n\n\n<p>Pero que es una <strong><a href=\"https:\/\/fonasa.mindy.cl\/blog\/persona-esquizofrenica\/\">persona esquizofr\u00e9nica<\/a>?<\/strong> Las variaciones gen\u00e9ticas asociadas a la esquizofrenia no codifican para &#8220;locura&#8221;, sino que influyen en procesos biol\u00f3gicos fundamentales para el desarrollo y funcionamiento cerebral. Muchas de estas variantes afectan:<\/p>\n\n\n\n<ul>\n<li>La <strong>neurotransmisi\u00f3n dopamin\u00e9rgica y glutamat\u00e9rgica<\/strong> (sistemas de comunicaci\u00f3n entre neuronas).<\/li>\n\n\n\n<li>La <strong>migraci\u00f3n y poda sin\u00e1ptica<\/strong> (procesos de &#8220;cableado&#8221; y optimizaci\u00f3n del cerebro durante la adolescencia).<\/li>\n\n\n\n<li>La <strong>inmunidad y la respuesta inflamatoria<\/strong>, que pueden impactar el neurodesarrollo.<\/li>\n<\/ul>\n\n\n\n<p>En esencia, una persona puede nacer con una <strong>vulnerabilidad gen\u00e9tica<\/strong> que, bajo ciertas condiciones ambientales, puede traducirse en un funcionamiento cerebral diferente y en la aparici\u00f3n de s\u00edntomas.<\/p>\n\n\n\n<h2 class=\"wp-block-heading has-x-large-font-size\">M\u00e1s all\u00e1 de los genes: Los factores ambientales cruciales en la esquizofrenia<\/h2>\n\n\n\n<figure class=\"wp-block-image size-full\"><img loading=\"lazy\" decoding=\"async\" width=\"1000\" height=\"667\" src=\"https:\/\/fonasa.mindy.cl\/blog\/wp-content\/uploads\/2026\/01\/2149332545-1.jpg\" alt=\"la esquizofrenia es hereditaria\" class=\"wp-image-1260\"\/><\/figure>\n\n\n\n<p>Saber que <strong>la esquizofrenia es hereditaria<\/strong> solo en parte, abre la puerta a comprender la influencia del entorno. La gen\u00e9tica carga el arma, pero son factores ambientales los que, en algunos casos, pueden apretar el gatillo. Esta interacci\u00f3n se conoce como el <strong>modelo de di\u00e1tesis-estr\u00e9s<\/strong>. A continuaci\u00f3n, te presentamos algunas de las <strong><a href=\"https:\/\/fonasa.mindy.cl\/blog\/causas-de-la-esquizofrenia\/\">causas de la esquizofrenia<\/a><\/strong>:<\/p>\n\n\n\n<h3 class=\"wp-block-heading has-large-font-size\">Factores de riesgo ambientales establecidos en la esquizofrenia<\/h3>\n\n\n\n<p>La investigaci\u00f3n ha identificado una serie de factores que, especialmente en personas con predisposici\u00f3n gen\u00e9tica, aumentan el riesgo de desarrollar el trastorno:<\/p>\n\n\n\n<ol>\n<li><strong>Complicaciones del embarazo y el parto:<\/strong> La exposici\u00f3n a infecciones virales maternas (como influenza) durante el segundo trimestre, la desnutrici\u00f3n materna, complicaciones durante el parto que causan hipoxia (falta de ox\u00edgeno al beb\u00e9) o bajo peso al nacer.<\/li>\n\n\n\n<li><strong>Consumo de cannabis y otras drogas psicoactivas, especialmente en la adolescencia:<\/strong> El consumo de cannabis, particularmente de alta potencia, durante la adolescencia (periodo cr\u00edtico de desarrollo cerebral) es uno de los factores ambientales de riesgo m\u00e1s s\u00f3lidamente establecidos. Puede adelantar la aparici\u00f3n de la enfermedad en personas vulnerables.<\/li>\n\n\n\n<li><strong>Trauma y adversidad psicosocial en la infancia:<\/strong> El abuso f\u00edsico, sexual o emocional, la negligencia, el acoso escolar (bullying) o la p\u00e9rdida de un progenitor en la infancia.<\/li>\n\n\n\n<li><strong>Crecimiento en entornos urbanos:<\/strong> El riesgo es mayor para personas que crecen en ciudades grandes y densamente pobladas, posiblemente debido a factores como el estr\u00e9s social, la contaminaci\u00f3n o el aislamiento.<\/li>\n\n\n\n<li><strong>Migraci\u00f3n y discriminaci\u00f3n:<\/strong> Los inmigrantes de primera y segunda generaci\u00f3n, especialmente aquellos que enfrentan discriminaci\u00f3n \u00e9tnica o social, presentan tasas m\u00e1s altas. Esto se atribuye al estr\u00e9s social cr\u00f3nico.<\/li>\n<\/ol>\n\n\n\n<h3 class=\"wp-block-heading has-large-font-size\">La importancia del periodo de la adolescencia<\/h3>\n\n\n\n<p>Muchos de estos factores impactan durante ventanas cr\u00edticas del desarrollo cerebral. La esquizofrenia suele manifestarse al final de la adolescencia o inicio de la adultez temprana, coincidiendo con la \u00faltima gran fase de maduraci\u00f3n cerebral, especialmente en la <strong>corteza prefrontal<\/strong> (\u00e1rea responsable del juicio, la planificaci\u00f3n y el control de impulsos).<\/p>\n\n\n\n<h2 class=\"wp-block-heading has-x-large-font-size\">Mitos y realidades sobre si la esquizofrenia es hereditaria<\/h2>\n\n\n\n<figure class=\"wp-block-image size-full\"><img loading=\"lazy\" decoding=\"async\" width=\"1000\" height=\"731\" src=\"https:\/\/fonasa.mindy.cl\/blog\/wp-content\/uploads\/2026\/01\/2149332549.jpg\" alt=\"la esquizofrenia es hereditaria\" class=\"wp-image-1261\"\/><\/figure>\n\n\n\n<p>La creencia popular de que <strong>la esquizofrenia es hereditaria<\/strong> de forma directa e inevitable ha generado mucho estigma y desinformaci\u00f3n. Es hora de aclarar estos conceptos.<\/p>\n\n\n\n<h3 class=\"wp-block-heading has-large-font-size\">Mito vs. Realidad<\/h3>\n\n\n\n<ul>\n<li><strong>Mito:<\/strong> &#8220;Si mi abuelo tuvo esquizofrenia, yo o mis hijos seguro la tendremos&#8221;.<\/li>\n\n\n\n<li><strong>Realidad:<\/strong> El riesgo aumenta, pero sigue siendo bajo en t\u00e9rminos absolutos. La gran mayor\u00eda de las personas con un familiar afectado <strong>no<\/strong> desarrollar\u00e1n el trastorno.<\/li>\n\n\n\n<li><strong>Mito:<\/strong> &#8220;La esquizofrenia se &#8216;salta&#8217; una generaci\u00f3n&#8221;.<\/li>\n\n\n\n<li><strong>Realidad:<\/strong> No hay un patr\u00f3n mendeliano simple (como el que se observa en algunos rasgos). El riesgo est\u00e1 presente en cada generaci\u00f3n y depende de la combinaci\u00f3n compleja de genes heredados de ambos padres y de los factores ambientales.<\/li>\n\n\n\n<li><strong>Mito:<\/strong> &#8220;Es culpa de los genes de la familia&#8221; o &#8220;Es culpa de la crianza&#8221;.<\/li>\n\n\n\n<li><strong>Realidad:<\/strong> Esta visi\u00f3n de culpa es err\u00f3nea y da\u00f1ina. La esquizofrenia es una <strong>enfermedad m\u00e9dica del cerebro<\/strong> con causas complejas. No es el &#8220;fallo&#8221; de unos padres ni una debilidad moral de quien la padece.<\/li>\n<\/ul>\n\n\n\n<h3 class=\"wp-block-heading has-large-font-size\">\u00bfSe puede hacer un test gen\u00e9tico para saber el riesgo de heredar la esquizofrenia?<\/h3>\n\n\n\n<p>Actualmente, <strong>no existe una prueba gen\u00e9tica cl\u00ednica que pueda predecir de manera fiable si una persona desarrollar\u00e1 esquizofrenia<\/strong>. El riesgo polig\u00e9nico es tan complejo y la influencia ambiental tan significativa, que una prueba no puede ofrecer certezas. La gen\u00e9tica en este campo se usa principalmente para investigaci\u00f3n, no para diagn\u00f3stico predictivo en individuos sanos.<\/p>\n\n\n\n<h2 class=\"wp-block-heading has-x-large-font-size\">La esquizofrenia es hereditaria: \u00bfQu\u00e9 hacer con esta informaci\u00f3n?<\/h2>\n\n\n\n<p>Conocer que existe un componente hereditario no debe ser una fuente de angustia paralizante, sino de <strong>empoderamiento y prevenci\u00f3n proactiva<\/strong>. La informaci\u00f3n es poder, y en este caso, el poder de enfocarse en los factores que s\u00ed se pueden modificar.<\/p>\n\n\n\n<h3 class=\"wp-block-heading has-large-font-size\">Consejos pr\u00e1cticos para familias con antecedentes de esquizofrenia<\/h3>\n\n\n\n<ul>\n<li><strong>Enfoque en un estilo de vida neuroprotector:<\/strong> Promover un entorno estable, una alimentaci\u00f3n saludable, actividad f\u00edsica regular y, sobre todo, <strong>evitar por completo el consumo de cannabis y otras drogas psicoactivas<\/strong>, especialmente durante la adolescencia y juventud temprana.<\/li>\n\n\n\n<li><strong>Atenci\u00f3n a la salud mental desde la infancia:<\/strong> Estar atentos a se\u00f1ales de dificultades sociales, acad\u00e9micas o emocionales persistentes en los hijos. Fomentar la resiliencia y las habilidades para manejar el estr\u00e9s.<\/li>\n\n\n\n<li><strong>Psicoeducaci\u00f3n familiar:<\/strong> Aprender sobre los <strong>pr\u00f3dromos<\/strong> o signos de alerta temprana de la psicosis (como aislamiento social marcado, descuido de la higiene personal, creencias extra\u00f1as, percepci\u00f3n alterada de la realidad). La detecci\u00f3n e intervenci\u00f3n temprana mejoran enormemente el pron\u00f3stico.<\/li>\n\n\n\n<li><strong>Comunicaci\u00f3n abierta y desestigmatizante:<\/strong> Hablar en familia sobre salud mental con naturalidad. Si hay un diagn\u00f3stico, explicar a los ni\u00f1os (seg\u00fan su edad) que es una enfermedad del cerebro que se trata, como la diabetes o el asma.<\/li>\n<\/ul>\n\n\n\n<h3 class=\"wp-block-heading has-large-font-size\">Reconociendo los signos de alerta temprana (Pr\u00f3dromos)<\/h3>\n\n\n\n<p>Identificar cambios sutiles puede permitir buscar ayuda antes de que ocurra un primer episodio psic\u00f3tico completo. Algunas se\u00f1ales pueden incluir:<\/p>\n\n\n\n<ul>\n<li>Aislamiento social progresivo y p\u00e9rdida de inter\u00e9s en las amistades.<\/li>\n\n\n\n<li>Descenso dr\u00e1stico e inexplicable del rendimiento acad\u00e9mico o laboral.<\/li>\n\n\n\n<li>Descuido de la higiene y el cuidado personal.<\/li>\n\n\n\n<li>Suspicacia o ideas inusuales (por ejemplo, creer que los comentarios de la TV van dirigidos a uno).<\/li>\n\n\n\n<li>Alteraciones perceptivas leves (escuchar murmullos o sonidos que otros no oyen).<\/li>\n\n\n\n<li>Lenguaje o discurso desorganizado o dif\u00edcil de seguir.<\/li>\n\n\n\n<li>Afectividad aplanada o inapropiada (poca expresi\u00f3n emocional).<\/li>\n<\/ul>\n\n\n\n<p>Es vital recalcar que estos s\u00edntomas pueden aparecer en otros problemas de salud mental (como depresi\u00f3n o ansiedad severa) y <strong>no predicen inevitablemente una esquizofrenia<\/strong>. Sin embargo, su aparici\u00f3n justifica una evaluaci\u00f3n profesional.<\/p>\n\n\n\n<p><img decoding=\"async\" src=\"https:\/\/images.unsplash.com\/photo-1559757175-80eb53394d85?ixlib=rb-4.0.3&amp;auto=format&amp;fit=crop&amp;w=1200&amp;q=80\" alt=\"Diagrama de flujo con el t\u00edtulo &quot;Camino hacia la Recuperaci\u00f3n&quot;, mostrando pasos como: Detecci\u00f3n Temprana, Diagn\u00f3stico Profesional, Tratamiento Integral y Rehabilitaci\u00f3n\"><br><em>Alt: Diagrama que muestra el camino desde la detecci\u00f3n temprana hasta la recuperaci\u00f3n en esquizofrenia<\/em><\/p>\n\n\n\n<h2 class=\"wp-block-heading has-x-large-font-size\">Diagn\u00f3stico, tratamiento de la esquizofrenia y esperanza m\u00e1s all\u00e1 de la gen\u00e9tica<\/h2>\n\n\n\n<p>El diagn\u00f3stico de esquizofrenia es cl\u00ednico, es decir, se basa en la entrevista y evaluaci\u00f3n por parte de un psiquiatra, quien descartar\u00e1 otras causas m\u00e9dicas. El tratamiento moderno es multimodal y altamente efectivo para manejar los s\u00edntomas y promover la recuperaci\u00f3n.<\/p>\n\n\n\n<h3 class=\"wp-block-heading has-large-font-size\">Pilares del tratamiento efectivo<\/h3>\n\n\n\n<ol>\n<li><strong>Medicaci\u00f3n antipsic\u00f3tica:<\/strong> Es la base del tratamiento farmacol\u00f3gico. Ayuda a regular la neurotransmisi\u00f3n cerebral, reduciendo los s\u00edntomas positivos (alucinaciones, delirios) y previniendo reca\u00eddas. Encontrar el medicamento y la dosis correcta es un proceso individual.<\/li>\n\n\n\n<li><strong>Psicoterapia especializada:<\/strong>\n<ul>\n<li><strong>Terapia Cognitivo-Conductual para la Psicosis (TCC-p):<\/strong> Ayuda a la persona a entender y manejar sus s\u00edntomas, a desafiar creencias delirantes de manera segura y a desarrollar estrategias de afrontamiento.<\/li>\n\n\n\n<li><strong>Terapia de Mejora de la Cognici\u00f3n Social:<\/strong> Entrena habilidades para reconocer se\u00f1ales sociales, interpretar emociones y mejorar la comunicaci\u00f3n.<\/li>\n\n\n\n<li><strong>Psicoeducaci\u00f3n familiar:<\/strong> Ense\u00f1a a la familia sobre la enfermedad, mejora la comunicaci\u00f3n y reduce el estr\u00e9s en el hogar (el <strong>ambiente familiar de alta emoci\u00f3n expresada<\/strong> es un factor de riesgo de reca\u00edda).<\/li>\n<\/ul>\n<\/li>\n\n\n\n<li><strong>Servicios de Rehabilitaci\u00f3n Psicosocial:<\/strong> Incluyen entrenamiento en habilidades sociales, apoyo para la reinserci\u00f3n laboral o educativa, y manejo de actividades de la vida diaria. El objetivo es la <strong>recuperaci\u00f3n funcional<\/strong> y una vida con prop\u00f3sito.<\/li>\n<\/ol>\n\n\n\n<h3 class=\"wp-block-heading has-large-font-size\">El pron\u00f3stico hoy: Un mensaje de esperanza<\/h3>\n\n\n\n<p>El estigma ha creado una imagen de la esquizofrenia como una sentencia de deterioro irreversible. La realidad es muy diferente. Con un tratamiento integral y continuado:<\/p>\n\n\n\n<ul>\n<li>Muchas personas logran una <strong>remisi\u00f3n significativa de los s\u00edntomas<\/strong>.<\/li>\n\n\n\n<li>Pueden <strong>reinsertarse en sus estudios, trabajo y vida social<\/strong>.<\/li>\n\n\n\n<li>Llevan una <strong>vida independiente y satisfactoria<\/strong>.<\/li>\n<\/ul>\n\n\n\n<p>La gen\u00e9tica puede marcar un punto de partida, pero <strong>no define el destino<\/strong>. Los avances en tratamiento y rehabilitaci\u00f3n han transformado radicalmente el pron\u00f3stico.<\/p>\n\n\n\n<h2 class=\"wp-block-heading has-x-large-font-size\">Es la esquizofrenia hereditaria? Apoyo psicol\u00f3gico para personas y familias afectadas <\/h2>\n\n\n\n<p>Vivir con esquizofrenia, o apoyar a un familiar con este diagn\u00f3stico, plantea desaf\u00edos \u00fanicos que requieren apoyo especializado. Ya sea para manejar el estr\u00e9s asociado a los antecedentes familiares, para recibir psicoeducaci\u00f3n o para participar en psicoterapia como parte del tratamiento, <strong><a href=\"https:\/\/fonasa.mindy.cl\/#\/\">Fonasa Mindy<\/a><\/strong> ofrece un espacio accesible y profesional a trav\u00e9s de terapia online.<\/p>\n\n\n\n<h3 class=\"wp-block-heading has-large-font-size\">\u00bfC\u00f3mo puede ayudarte Fonasa Mindy?<\/h3>\n\n\n\n<ul>\n<li><strong>Psicoeducaci\u00f3n y manejo de la ansiedad familiar:<\/strong> Si la pregunta &#8220;<strong>\u00bfla esquizofrenia es hereditaria?<\/strong>&#8221; te genera angustia, nuestros psic\u00f3logos pueden brindarte informaci\u00f3n clara y basada en evidencia, ayud\u00e1ndote a manejar la preocupaci\u00f3n y a enfocarte en factores protectores y de prevenci\u00f3n.<\/li>\n\n\n\n<li><strong>Apoyo psicol\u00f3gico para personas en tratamiento:<\/strong> Ofrecemos <strong>Terapia Cognitivo-Conductual adaptada<\/strong> para ayudar a manejar s\u00edntomas residuales, trabajar en la adherencia al tratamiento, desarrollar estrategias de afrontamiento y mejorar la autoestima y el funcionamiento social.<\/li>\n\n\n\n<li><strong>Terapia y orientaci\u00f3n para familiares:<\/strong> Aprender\u00e1s estrategias de comunicaci\u00f3n efectiva, c\u00f3mo establecer l\u00edmites saludables, c\u00f3mo reducir el estr\u00e9s familiar (emoci\u00f3n expresada) y c\u00f3mo ser un pilar de apoyo sin desgastarte, todo crucial para prevenir reca\u00eddas.<\/li>\n\n\n\n<li><strong>Entrenamiento en habilidades sociales y cognitivas:<\/strong> Trabajamos en habilidades que la enfermedad puede afectar, como la interpretaci\u00f3n de situaciones sociales, la regulaci\u00f3n emocional y la planificaci\u00f3n de actividades.<\/li>\n\n\n\n<li><strong>Accesibilidad con Fonasa:<\/strong> Puedes acceder a nuestros <strong>psic\u00f3logos especializados<\/strong> desde tu hogar, utilizando tu cobertura de Fonasa. Esto elimina barreras de transporte y facilita la continuidad del apoyo, un factor clave en el manejo a largo plazo.<\/li>\n<\/ul>\n\n\n\n<h3 class=\"wp-block-heading has-large-font-size\">Es la esquizofrenia hereditaria, si o no? No tienes que enfrentar estas dudas o desaf\u00edos en soledad<\/h3>\n\n\n\n<p>El apoyo psicol\u00f3gico es una parte fundamental del camino hacia la estabilidad y la recuperaci\u00f3n. Conoce nuestros servicios en <a href=\"https:\/\/fonasa.mindy.cl\/psicologos.php#\/\"><strong>Psic\u00f3logos online Fonasa Mindy<\/strong><\/a>.<\/p>\n\n\n\n<p>La pregunta &#8220;<strong>\u00bfla esquizofrenia es hereditaria?<\/strong>&#8221; nos lleva al coraz\u00f3n de una verdad cient\u00edfica matizada: la gen\u00e9tica carga una parte importante del riesgo, pero el desenlace final est\u00e1 tejido por una compleja interacci\u00f3n con el entorno, las experiencias de vida y el acceso a un tratamiento oportuno. Esta comprensi\u00f3n libera del determinismo y del estigma. Nos recuerda que, aunque no podemos cambiar nuestra dotaci\u00f3n gen\u00e9tica, tenemos un amplio margen de acci\u00f3n para influir en los factores ambientales protectores, para promover la detecci\u00f3n temprana y, sobre todo, para asegurar que quien desarrolle la condici\u00f3n reciba el tratamiento integral y compasivo que merece. <\/p>\n\n\n\n<p>La esquizofrenia no define a una persona ni condena a una familia. Con conocimiento, apoyo profesional y esperanza, es posible construir una vida de bienestar m\u00e1s all\u00e1 del diagn\u00f3stico. En <a href=\"https:\/\/fonasa.mindy.cl\/#\/\"><strong>Fonasa Mindy<\/strong><\/a> estamos comprometidos a caminar contigo en esa direcci\u00f3n.<\/p>\n\n\n\n<p><em>Para m\u00e1s recursos sobre salud mental y apoyo comunitario, te invitamos a visitar<\/em> nuestra plataforma de psic\u00f3logos online <a href=\"https:\/\/mindy.cl\/\"><strong>Mindy<\/strong><\/a>.<\/p>\n","protected":false},"excerpt":{"rendered":"<p>La pregunta &#8220;\u00bfla esquizofrenia es hereditaria?&#8221; suele surgir en familias donde alguien ha recibido este diagn\u00f3stico, generando preocupaci\u00f3n, miedo y muchas dudas sobre el futuro. Es una pregunta leg\u00edtima y comprensible, que toca la esencia de c\u00f3mo entendemos esta condici\u00f3n tan compleja. La respuesta, basada en d\u00e9cadas de investigaci\u00f3n cient\u00edfica, no es un simple &#8220;s\u00ed&#8221; [&hellip;]<\/p>\n","protected":false},"author":3,"featured_media":1259,"comment_status":"closed","ping_status":"closed","sticky":false,"template":"","format":"standard","meta":{"footnotes":""},"categories":[275],"tags":[],"yoast_head":"<!-- This site is optimized with the Yoast SEO plugin v23.0 - https:\/\/yoast.com\/wordpress\/plugins\/seo\/ -->\n<title>La esquizofrenia es hereditaria: Verdades y factores de riesgo<\/title>\n<meta name=\"description\" content=\"Hasta qu\u00e9 punto la esquizofrenia es hereditaria? Conoce su base gen\u00e9tica y la influencia del ambiente. Fonasa Mindy te da apoyo psicol\u00f3gico.\" \/>\n<meta name=\"robots\" content=\"index, follow, max-snippet:-1, max-image-preview:large, max-video-preview:-1\" \/>\n<link rel=\"canonical\" href=\"https:\/\/fonasa.mindy.cl\/blog\/la-esquizofrenia-es-hereditaria\/\" \/>\n<meta property=\"og:locale\" content=\"es_ES\" \/>\n<meta property=\"og:type\" content=\"article\" \/>\n<meta property=\"og:title\" content=\"La esquizofrenia es hereditaria: Verdades y factores de riesgo\" \/>\n<meta property=\"og:description\" content=\"Hasta qu\u00e9 punto la esquizofrenia es hereditaria? Conoce su base gen\u00e9tica y la influencia del ambiente. Fonasa Mindy te da apoyo psicol\u00f3gico.\" \/>\n<meta property=\"og:url\" content=\"https:\/\/fonasa.mindy.cl\/blog\/la-esquizofrenia-es-hereditaria\/\" \/>\n<meta property=\"og:site_name\" content=\"Mindy Fonasa Blog\" \/>\n<meta property=\"article:published_time\" content=\"2026-01-20T16:44:37+00:00\" \/>\n<meta property=\"article:modified_time\" content=\"2026-02-20T14:14:53+00:00\" \/>\n<meta property=\"og:image\" content=\"https:\/\/fonasa.mindy.cl\/blog\/wp-content\/uploads\/2026\/01\/2149332567.jpg\" \/>\n\t<meta property=\"og:image:width\" content=\"1000\" \/>\n\t<meta property=\"og:image:height\" content=\"667\" \/>\n\t<meta property=\"og:image:type\" content=\"image\/jpeg\" \/>\n<meta name=\"author\" content=\"estrategamkd@gmail.com\" \/>\n<meta name=\"twitter:card\" content=\"summary_large_image\" \/>\n<meta name=\"twitter:label1\" content=\"Written by\" \/>\n\t<meta name=\"twitter:data1\" content=\"estrategamkd@gmail.com\" \/>\n\t<meta name=\"twitter:label2\" content=\"Est. reading time\" \/>\n\t<meta name=\"twitter:data2\" content=\"11 minutos\" \/>\n<script type=\"application\/ld+json\" class=\"yoast-schema-graph\">{\"@context\":\"https:\/\/schema.org\",\"@graph\":[{\"@type\":\"Article\",\"@id\":\"https:\/\/fonasa.mindy.cl\/blog\/la-esquizofrenia-es-hereditaria\/#article\",\"isPartOf\":{\"@id\":\"https:\/\/fonasa.mindy.cl\/blog\/la-esquizofrenia-es-hereditaria\/\"},\"author\":{\"name\":\"estrategamkd@gmail.com\",\"@id\":\"https:\/\/fonasa.mindy.cl\/blog\/#\/schema\/person\/fa87761528fa733079f7f77181252f28\"},\"headline\":\"La esquizofrenia es hereditaria: Verdades, mitos y factores de riesgo\",\"datePublished\":\"2026-01-20T16:44:37+00:00\",\"dateModified\":\"2026-02-20T14:14:53+00:00\",\"mainEntityOfPage\":{\"@id\":\"https:\/\/fonasa.mindy.cl\/blog\/la-esquizofrenia-es-hereditaria\/\"},\"wordCount\":2374,\"publisher\":{\"@id\":\"https:\/\/fonasa.mindy.cl\/blog\/#organization\"},\"image\":{\"@id\":\"https:\/\/fonasa.mindy.cl\/blog\/la-esquizofrenia-es-hereditaria\/#primaryimage\"},\"thumbnailUrl\":\"https:\/\/fonasa.mindy.cl\/blog\/wp-content\/uploads\/2026\/01\/2149332567.jpg\",\"articleSection\":[\"Trastornos\"],\"inLanguage\":\"es-CL\"},{\"@type\":\"WebPage\",\"@id\":\"https:\/\/fonasa.mindy.cl\/blog\/la-esquizofrenia-es-hereditaria\/\",\"url\":\"https:\/\/fonasa.mindy.cl\/blog\/la-esquizofrenia-es-hereditaria\/\",\"name\":\"La esquizofrenia es hereditaria: Verdades y factores de riesgo\",\"isPartOf\":{\"@id\":\"https:\/\/fonasa.mindy.cl\/blog\/#website\"},\"primaryImageOfPage\":{\"@id\":\"https:\/\/fonasa.mindy.cl\/blog\/la-esquizofrenia-es-hereditaria\/#primaryimage\"},\"image\":{\"@id\":\"https:\/\/fonasa.mindy.cl\/blog\/la-esquizofrenia-es-hereditaria\/#primaryimage\"},\"thumbnailUrl\":\"https:\/\/fonasa.mindy.cl\/blog\/wp-content\/uploads\/2026\/01\/2149332567.jpg\",\"datePublished\":\"2026-01-20T16:44:37+00:00\",\"dateModified\":\"2026-02-20T14:14:53+00:00\",\"description\":\"Hasta qu\u00e9 punto la esquizofrenia es hereditaria? Conoce su base gen\u00e9tica y la influencia del ambiente. Fonasa Mindy te da apoyo psicol\u00f3gico.\",\"breadcrumb\":{\"@id\":\"https:\/\/fonasa.mindy.cl\/blog\/la-esquizofrenia-es-hereditaria\/#breadcrumb\"},\"inLanguage\":\"es-CL\",\"potentialAction\":[{\"@type\":\"ReadAction\",\"target\":[\"https:\/\/fonasa.mindy.cl\/blog\/la-esquizofrenia-es-hereditaria\/\"]}]},{\"@type\":\"ImageObject\",\"inLanguage\":\"es-CL\",\"@id\":\"https:\/\/fonasa.mindy.cl\/blog\/la-esquizofrenia-es-hereditaria\/#primaryimage\",\"url\":\"https:\/\/fonasa.mindy.cl\/blog\/wp-content\/uploads\/2026\/01\/2149332567.jpg\",\"contentUrl\":\"https:\/\/fonasa.mindy.cl\/blog\/wp-content\/uploads\/2026\/01\/2149332567.jpg\",\"width\":1000,\"height\":667,\"caption\":\"la esquizofrenia es hereditaria\"},{\"@type\":\"BreadcrumbList\",\"@id\":\"https:\/\/fonasa.mindy.cl\/blog\/la-esquizofrenia-es-hereditaria\/#breadcrumb\",\"itemListElement\":[{\"@type\":\"ListItem\",\"position\":1,\"name\":\"Home\",\"item\":\"https:\/\/fonasa.mindy.cl\/blog\/\"},{\"@type\":\"ListItem\",\"position\":2,\"name\":\"La esquizofrenia es hereditaria: Verdades, mitos y factores de riesgo\"}]},{\"@type\":\"WebSite\",\"@id\":\"https:\/\/fonasa.mindy.cl\/blog\/#website\",\"url\":\"https:\/\/fonasa.mindy.cl\/blog\/\",\"name\":\"Mindy Fonasa Blog\",\"description\":\"Un blog de salud mental\",\"publisher\":{\"@id\":\"https:\/\/fonasa.mindy.cl\/blog\/#organization\"},\"potentialAction\":[{\"@type\":\"SearchAction\",\"target\":{\"@type\":\"EntryPoint\",\"urlTemplate\":\"https:\/\/fonasa.mindy.cl\/blog\/?s={search_term_string}\"},\"query-input\":\"required name=search_term_string\"}],\"inLanguage\":\"es-CL\"},{\"@type\":\"Organization\",\"@id\":\"https:\/\/fonasa.mindy.cl\/blog\/#organization\",\"name\":\"Mindy Fonasa Blog\",\"url\":\"https:\/\/fonasa.mindy.cl\/blog\/\",\"logo\":{\"@type\":\"ImageObject\",\"inLanguage\":\"es-CL\",\"@id\":\"https:\/\/fonasa.mindy.cl\/blog\/#\/schema\/logo\/image\/\",\"url\":\"https:\/\/fonasa.mindy.cl\/blog\/wp-content\/uploads\/2024\/07\/logo_cuadrado.png\",\"contentUrl\":\"https:\/\/fonasa.mindy.cl\/blog\/wp-content\/uploads\/2024\/07\/logo_cuadrado.png\",\"width\":300,\"height\":300,\"caption\":\"Mindy Fonasa Blog\"},\"image\":{\"@id\":\"https:\/\/fonasa.mindy.cl\/blog\/#\/schema\/logo\/image\/\"}},{\"@type\":\"Person\",\"@id\":\"https:\/\/fonasa.mindy.cl\/blog\/#\/schema\/person\/fa87761528fa733079f7f77181252f28\",\"name\":\"estrategamkd@gmail.com\",\"url\":\"https:\/\/fonasa.mindy.cl\/blog\/author\/estrategamkdgmail-com\/\"}]}<\/script>\n<!-- \/ Yoast SEO plugin. -->","yoast_head_json":{"title":"La esquizofrenia es hereditaria: Verdades y factores de riesgo","description":"Hasta qu\u00e9 punto la esquizofrenia es hereditaria? Conoce su base gen\u00e9tica y la influencia del ambiente. Fonasa Mindy te da apoyo psicol\u00f3gico.","robots":{"index":"index","follow":"follow","max-snippet":"max-snippet:-1","max-image-preview":"max-image-preview:large","max-video-preview":"max-video-preview:-1"},"canonical":"https:\/\/fonasa.mindy.cl\/blog\/la-esquizofrenia-es-hereditaria\/","og_locale":"es_ES","og_type":"article","og_title":"La esquizofrenia es hereditaria: Verdades y factores de riesgo","og_description":"Hasta qu\u00e9 punto la esquizofrenia es hereditaria? Conoce su base gen\u00e9tica y la influencia del ambiente. Fonasa Mindy te da apoyo psicol\u00f3gico.","og_url":"https:\/\/fonasa.mindy.cl\/blog\/la-esquizofrenia-es-hereditaria\/","og_site_name":"Mindy Fonasa Blog","article_published_time":"2026-01-20T16:44:37+00:00","article_modified_time":"2026-02-20T14:14:53+00:00","og_image":[{"width":1000,"height":667,"url":"https:\/\/fonasa.mindy.cl\/blog\/wp-content\/uploads\/2026\/01\/2149332567.jpg","type":"image\/jpeg"}],"author":"estrategamkd@gmail.com","twitter_card":"summary_large_image","twitter_misc":{"Written by":"estrategamkd@gmail.com","Est. reading time":"11 minutos"},"schema":{"@context":"https:\/\/schema.org","@graph":[{"@type":"Article","@id":"https:\/\/fonasa.mindy.cl\/blog\/la-esquizofrenia-es-hereditaria\/#article","isPartOf":{"@id":"https:\/\/fonasa.mindy.cl\/blog\/la-esquizofrenia-es-hereditaria\/"},"author":{"name":"estrategamkd@gmail.com","@id":"https:\/\/fonasa.mindy.cl\/blog\/#\/schema\/person\/fa87761528fa733079f7f77181252f28"},"headline":"La esquizofrenia es hereditaria: Verdades, mitos y factores de riesgo","datePublished":"2026-01-20T16:44:37+00:00","dateModified":"2026-02-20T14:14:53+00:00","mainEntityOfPage":{"@id":"https:\/\/fonasa.mindy.cl\/blog\/la-esquizofrenia-es-hereditaria\/"},"wordCount":2374,"publisher":{"@id":"https:\/\/fonasa.mindy.cl\/blog\/#organization"},"image":{"@id":"https:\/\/fonasa.mindy.cl\/blog\/la-esquizofrenia-es-hereditaria\/#primaryimage"},"thumbnailUrl":"https:\/\/fonasa.mindy.cl\/blog\/wp-content\/uploads\/2026\/01\/2149332567.jpg","articleSection":["Trastornos"],"inLanguage":"es-CL"},{"@type":"WebPage","@id":"https:\/\/fonasa.mindy.cl\/blog\/la-esquizofrenia-es-hereditaria\/","url":"https:\/\/fonasa.mindy.cl\/blog\/la-esquizofrenia-es-hereditaria\/","name":"La esquizofrenia es hereditaria: Verdades y factores de riesgo","isPartOf":{"@id":"https:\/\/fonasa.mindy.cl\/blog\/#website"},"primaryImageOfPage":{"@id":"https:\/\/fonasa.mindy.cl\/blog\/la-esquizofrenia-es-hereditaria\/#primaryimage"},"image":{"@id":"https:\/\/fonasa.mindy.cl\/blog\/la-esquizofrenia-es-hereditaria\/#primaryimage"},"thumbnailUrl":"https:\/\/fonasa.mindy.cl\/blog\/wp-content\/uploads\/2026\/01\/2149332567.jpg","datePublished":"2026-01-20T16:44:37+00:00","dateModified":"2026-02-20T14:14:53+00:00","description":"Hasta qu\u00e9 punto la esquizofrenia es hereditaria? Conoce su base gen\u00e9tica y la influencia del ambiente. Fonasa Mindy te da apoyo psicol\u00f3gico.","breadcrumb":{"@id":"https:\/\/fonasa.mindy.cl\/blog\/la-esquizofrenia-es-hereditaria\/#breadcrumb"},"inLanguage":"es-CL","potentialAction":[{"@type":"ReadAction","target":["https:\/\/fonasa.mindy.cl\/blog\/la-esquizofrenia-es-hereditaria\/"]}]},{"@type":"ImageObject","inLanguage":"es-CL","@id":"https:\/\/fonasa.mindy.cl\/blog\/la-esquizofrenia-es-hereditaria\/#primaryimage","url":"https:\/\/fonasa.mindy.cl\/blog\/wp-content\/uploads\/2026\/01\/2149332567.jpg","contentUrl":"https:\/\/fonasa.mindy.cl\/blog\/wp-content\/uploads\/2026\/01\/2149332567.jpg","width":1000,"height":667,"caption":"la esquizofrenia es hereditaria"},{"@type":"BreadcrumbList","@id":"https:\/\/fonasa.mindy.cl\/blog\/la-esquizofrenia-es-hereditaria\/#breadcrumb","itemListElement":[{"@type":"ListItem","position":1,"name":"Home","item":"https:\/\/fonasa.mindy.cl\/blog\/"},{"@type":"ListItem","position":2,"name":"La esquizofrenia es hereditaria: Verdades, mitos y factores de riesgo"}]},{"@type":"WebSite","@id":"https:\/\/fonasa.mindy.cl\/blog\/#website","url":"https:\/\/fonasa.mindy.cl\/blog\/","name":"Mindy Fonasa Blog","description":"Un blog de salud mental","publisher":{"@id":"https:\/\/fonasa.mindy.cl\/blog\/#organization"},"potentialAction":[{"@type":"SearchAction","target":{"@type":"EntryPoint","urlTemplate":"https:\/\/fonasa.mindy.cl\/blog\/?s={search_term_string}"},"query-input":"required name=search_term_string"}],"inLanguage":"es-CL"},{"@type":"Organization","@id":"https:\/\/fonasa.mindy.cl\/blog\/#organization","name":"Mindy Fonasa Blog","url":"https:\/\/fonasa.mindy.cl\/blog\/","logo":{"@type":"ImageObject","inLanguage":"es-CL","@id":"https:\/\/fonasa.mindy.cl\/blog\/#\/schema\/logo\/image\/","url":"https:\/\/fonasa.mindy.cl\/blog\/wp-content\/uploads\/2024\/07\/logo_cuadrado.png","contentUrl":"https:\/\/fonasa.mindy.cl\/blog\/wp-content\/uploads\/2024\/07\/logo_cuadrado.png","width":300,"height":300,"caption":"Mindy Fonasa Blog"},"image":{"@id":"https:\/\/fonasa.mindy.cl\/blog\/#\/schema\/logo\/image\/"}},{"@type":"Person","@id":"https:\/\/fonasa.mindy.cl\/blog\/#\/schema\/person\/fa87761528fa733079f7f77181252f28","name":"estrategamkd@gmail.com","url":"https:\/\/fonasa.mindy.cl\/blog\/author\/estrategamkdgmail-com\/"}]}},"_links":{"self":[{"href":"https:\/\/fonasa.mindy.cl\/blog\/wp-json\/wp\/v2\/posts\/1256"}],"collection":[{"href":"https:\/\/fonasa.mindy.cl\/blog\/wp-json\/wp\/v2\/posts"}],"about":[{"href":"https:\/\/fonasa.mindy.cl\/blog\/wp-json\/wp\/v2\/types\/post"}],"author":[{"embeddable":true,"href":"https:\/\/fonasa.mindy.cl\/blog\/wp-json\/wp\/v2\/users\/3"}],"replies":[{"embeddable":true,"href":"https:\/\/fonasa.mindy.cl\/blog\/wp-json\/wp\/v2\/comments?post=1256"}],"version-history":[{"count":7,"href":"https:\/\/fonasa.mindy.cl\/blog\/wp-json\/wp\/v2\/posts\/1256\/revisions"}],"predecessor-version":[{"id":1426,"href":"https:\/\/fonasa.mindy.cl\/blog\/wp-json\/wp\/v2\/posts\/1256\/revisions\/1426"}],"wp:featuredmedia":[{"embeddable":true,"href":"https:\/\/fonasa.mindy.cl\/blog\/wp-json\/wp\/v2\/media\/1259"}],"wp:attachment":[{"href":"https:\/\/fonasa.mindy.cl\/blog\/wp-json\/wp\/v2\/media?parent=1256"}],"wp:term":[{"taxonomy":"category","embeddable":true,"href":"https:\/\/fonasa.mindy.cl\/blog\/wp-json\/wp\/v2\/categories?post=1256"},{"taxonomy":"post_tag","embeddable":true,"href":"https:\/\/fonasa.mindy.cl\/blog\/wp-json\/wp\/v2\/tags?post=1256"}],"curies":[{"name":"wp","href":"https:\/\/api.w.org\/{rel}","templated":true}]}}