{"id":1246,"date":"2026-01-20T13:06:01","date_gmt":"2026-01-20T16:06:01","guid":{"rendered":"https:\/\/fonasa.mindy.cl\/blog\/?p=1246"},"modified":"2026-03-24T16:19:00","modified_gmt":"2026-03-24T19:19:00","slug":"la-ansiedad-es-una-enfermedad","status":"publish","type":"post","link":"https:\/\/fonasa.mindy.cl\/blog\/la-ansiedad-es-una-enfermedad\/","title":{"rendered":"La ansiedad es una enfermedad: Entiende su origen y cura"},"content":{"rendered":"\n<p>Sentir que el coraz\u00f3n late con una fuerza desproporcionada, que el aire parece no llenar los pulmones o que un pensamiento catastr\u00f3fico se repite en bucle, es una experiencia que millones de personas atraviesan a diario. Es probable que, en medio de esa desesperaci\u00f3n, te hayas preguntado si lo que sientes es solo estr\u00e9s pasajero o si <strong>la ansiedad es una enfermedad<\/strong> que requiere atenci\u00f3n profesional. <\/p>\n\n\n\n<p>En este post, exploraremos la naturaleza profunda de este trastorno, desglosando sus mecanismos biol\u00f3gicos y psicol\u00f3gicos bas\u00e1ndonos en evidencia cient\u00edfica, para que comprendas que no est\u00e1s solo y que existen caminos claros hacia la recuperaci\u00f3n.<\/p>\n\n\n\n<h2 class=\"wp-block-heading has-x-large-font-size\">\u00bfEn qu\u00e9 momento comprendemos que la ansiedad es una enfermedad?<\/h2>\n\n\n\n<p>Para diferenciar una emoci\u00f3n natural de una patolog\u00eda, debemos mirar la funcionalidad. Qu\u00e9 es <strong><a href=\"https:\/\/fonasa.mindy.cl\/blog\/la-ansiedad-guia-completa\/\">la ansiedad<\/a><\/strong>, en su estado base, es un <strong>mecanismo de defensa<\/strong> evolutivo que nos permite reaccionar ante el peligro. Sin embargo, cuando esta respuesta se activa sin una amenaza real presente o se mantiene de forma cr\u00f3nica, se transforma en un problema de salud. En el \u00e1mbito cl\u00ednico, se acepta que <strong>la ansiedad es una enfermedad<\/strong> cuando los s\u00edntomas interfieren significativamente con tu capacidad para trabajar, estudiar o mantener relaciones sanas.<\/p>\n\n\n\n<p>A diferencia del miedo, que es una respuesta a un peligro concreto, la ansiedad patol\u00f3gica se dirige hacia el futuro, hacia lo que &#8220;podr\u00eda pasar&#8221;. Esta preocupaci\u00f3n excesiva genera un desgaste sistem\u00e1tico en el organismo. La medicina y la psicolog\u00eda moderna han categorizado diversos trastornos bajo este paraguas, entendiendo que no es una debilidad del car\u00e1cter, sino una alteraci\u00f3n real en el procesamiento de las se\u00f1ales de alerta del cerebro.<\/p>\n\n\n\n<p>Es fundamental comprender los criterios que definen esta condici\u00f3n:<\/p>\n\n\n\n<ul>\n<li>La persistencia de los s\u00edntomas por un periodo superior a los seis meses de manera constante.<\/li>\n\n\n\n<li>La presencia de malestar f\u00edsico intenso que no se explica por otras condiciones m\u00e9dicas de base.<\/li>\n\n\n\n<li>Un sentimiento de p\u00e9rdida de control sobre las preocupaciones cotidianas, incluso las m\u00e1s peque\u00f1as.<\/li>\n\n\n\n<li>El desarrollo de conductas de evitaci\u00f3n, donde dejas de asistir a lugares o eventos por temor a una crisis.<\/li>\n<\/ul>\n\n\n\n<h2 class=\"wp-block-heading has-x-large-font-size\">Bases neurobiol\u00f3gicas de por qu\u00e9 la ansiedad es una enfermedad<\/h2>\n\n\n\n<p>Para entender por qu\u00e9 el cuerpo reacciona de manera tan violenta, debemos mirar hacia adentro, espec\u00edficamente al sistema l\u00edmbico. La investigaci\u00f3n indica que en las personas con este diagn\u00f3stico, la <strong>am\u00edgdala<\/strong>, que es el centro del miedo en el cerebro, se encuentra hiperactiva. Esto significa que tu &#8220;sistema de alarma&#8221; est\u00e1 encendido todo el tiempo, enviando se\u00f1ales de emergencia al resto del cuerpo incluso cuando est\u00e1s sentado en la comodidad de tu casa.<\/p>\n\n\n\n<p>Esta hiperactividad no es algo imaginario; es una respuesta qu\u00edmica tangible. Cuando el cerebro percibe un riesgo, libera una cascada de hormonas como el <strong>cortisol<\/strong> y la <strong>adrenalina<\/strong>. En un estado de salud normal, estas hormonas bajan una vez que el peligro desaparece. No obstante, cuando la ansiedad se vuelve cr\u00f3nica, los niveles de cortisol permanecen elevados, lo que termina afectando otros sistemas como el inmunol\u00f3gico, el digestivo y el cardiovascular.<\/p>\n\n\n\n<p>La comunicaci\u00f3n entre las neuronas tambi\u00e9n juega un papel crucial. Se ha observado que existe un desequilibrio en neurotransmisores esenciales como la <strong>serotonina<\/strong> (que regula el estado de \u00e1nimo) y el <strong>GABA<\/strong> (que act\u00faa como un freno natural para el sistema nervioso). Al no haber suficiente GABA, el cerebro no puede &#8220;calmarse&#8221; a s\u00ed mismo, perpetuando esa sensaci\u00f3n de nerviosismo el\u00e9ctrico. Esta base cient\u00edfica es la que permite que hoy existan tratamientos farmacol\u00f3gicos y terap\u00e9uticos efectivos que buscan restaurar ese equilibrio perdido.<\/p>\n\n\n\n<h3 class=\"wp-block-heading has-large-font-size\">Los s\u00edntomas f\u00edsicos cuando la ansiedad es una enfermedad<\/h3>\n\n\n\n<figure class=\"wp-block-image size-full\"><img loading=\"lazy\" decoding=\"async\" width=\"1000\" height=\"667\" src=\"https:\/\/fonasa.mindy.cl\/blog\/wp-content\/uploads\/2026\/01\/61691.jpg\" alt=\"la ansiedad es una enfermedad\" class=\"wp-image-1249\"\/><\/figure>\n\n\n\n<p>Muchas personas llegan a la consulta m\u00e9dica pensando que tienen un problema card\u00edaco o respiratorio antes de descubrir que el origen es psicol\u00f3gico. La manifestaci\u00f3n som\u00e1tica es una de las pruebas m\u00e1s claras de que esta condici\u00f3n afecta la integridad del cuerpo humano. El sistema nervioso aut\u00f3nomo se desregula, provocando una serie de reacciones que pueden llegar a ser incapacitantes si no se tratan a tiempo.<\/p>\n\n\n\n<p>Los s\u00edntomas m\u00e1s comunes que reportan los pacientes en Chile incluyen:<\/p>\n\n\n\n<ol start=\"1\">\n<li>Taquicardia y sensaci\u00f3n de opresi\u00f3n en el pecho que suele confundirse con un infarto.<\/li>\n\n\n\n<li>Dificultad para respirar o sensaci\u00f3n de asfixia, conocida t\u00e9cnicamente como disnea psic\u00f3gena.<\/li>\n\n\n\n<li>Temblores, sudoraci\u00f3n excesiva en manos y pies, o escalofr\u00edos repentinos.<\/li>\n\n\n\n<li>Problemas gastrointestinales cr\u00f3nicos, como colon irritable o n\u00e1useas persistentes.<\/li>\n<\/ol>\n\n\n\n<p>Adem\u00e1s de estos signos agudos, existen manifestaciones a largo plazo. El insomnio de conciliaci\u00f3n, donde la persona no puede apagar su mente al acostarse, es un indicador cl\u00e1sico. La <strong>tensi\u00f3n muscular<\/strong> constante, especialmente en el \u00e1rea del cuello, hombros y mand\u00edbula (bruxismo), es otra se\u00f1al de que el cuerpo est\u00e1 en un estado de hipervigilancia permanente.<\/p>\n\n\n\n<h2 class=\"wp-block-heading has-x-large-font-size\">C\u00f3mo tratar el diagn\u00f3stico si la ansiedad es una enfermedad<\/h2>\n\n\n\n<p>Afortunadamente, al ser reconocida como una patolog\u00eda, los protocolos de tratamiento est\u00e1n muy avanzados y ofrecen altas tasas de \u00e9xito. No se trata de &#8220;echarle ganas&#8221; o esperar a que el sentimiento pase por s\u00ed solo. El abordaje debe ser integral, atacando tanto los s\u00edntomas f\u00edsicos como los patrones de pensamiento que alimentan el miedo. La terapia cognitivo-conductual se ha posicionado como el est\u00e1ndar de oro para estos casos.<\/p>\n\n\n\n<p>En el proceso terap\u00e9utico, aprender\u00e1s a identificar las <strong>distorsiones cognitivas<\/strong>, que son formas err\u00f3neas de procesar la informaci\u00f3n. Por ejemplo, la &#8220;catastrofizaci\u00f3n&#8221;, donde imaginas siempre el peor escenario posible. Al cuestionar estos pensamientos con evidencia real, el cerebro comienza a desaprender la respuesta de miedo, reduciendo gradualmente la intensidad de la angustia.<\/p>\n\n\n\n<p>Existen diversos enfoques que complementan la recuperaci\u00f3n:<\/p>\n\n\n\n<ul>\n<li>Uso de t\u00e9cnicas de relajaci\u00f3n profunda y respiraci\u00f3n diafragm\u00e1tica para calmar el sistema nervioso.<\/li>\n\n\n\n<li>Exposici\u00f3n graduada a las situaciones que generan temor, permitiendo que el paciente recupere su libertad.<\/li>\n\n\n\n<li>Higiene del sue\u00f1o y ajustes en la dieta, eliminando estimulantes como la cafe\u00edna que pueden exacerbar los s\u00edntomas.<\/li>\n\n\n\n<li>Apoyo farmacol\u00f3gico supervisado por psiquiatr\u00eda en casos donde la intensidad impide el avance terap\u00e9utico.<\/li>\n<\/ul>\n\n\n\n<h3 class=\"wp-block-heading has-large-font-size\">Clasificaciones comunes de los trastornos de ansiedad<\/h3>\n\n\n\n<p>Es importante notar que esta condici\u00f3n no se presenta de la misma forma en todos. Existen variantes que los especialistas identifican para personalizar el tratamiento. El <strong><a href=\"https:\/\/fonasa.mindy.cl\/blog\/sintomas-de-ansiedad-generalizada\/\">Trastorno de Ansiedad Generalizada<\/a><\/strong> (TAG) se caracteriza por una preocupaci\u00f3n constante por m\u00faltiples temas, mientras que las fobias espec\u00edficas se centran en un solo objeto o situaci\u00f3n.<\/p>\n\n\n\n<ol start=\"1\">\n<li>Trastorno de P\u00e1nico: Aparici\u00f3n repentina de terror intenso con s\u00edntomas f\u00edsicos extremos.<\/li>\n\n\n\n<li>Ansiedad Social: Se conoce tambi\u00e9n como <strong><a href=\"https:\/\/fonasa.mindy.cl\/blog\/fobias-sociales\/\">fobias sociales<\/a><\/strong>, el miedo persistente a ser juzgado o humillado en situaciones sociales o p\u00fablicas.<\/li>\n\n\n\n<li>Agorafobia: Temor a estar en lugares donde escapar podr\u00eda ser dif\u00edcil o no habr\u00eda ayuda disponible.<\/li>\n\n\n\n<li>Trastorno de Ansiedad por Separaci\u00f3n: Miedo excesivo a alejarse de figuras de apego o seres queridos.<\/li>\n<\/ol>\n\n\n\n<p>Cada una de estas variantes requiere una estrategia espec\u00edfica. Por ello, el diagn\u00f3stico preciso realizado por un psic\u00f3logo o psiquiatra es el primer paso indispensable. No se debe autodiagnosticar, ya que muchos s\u00edntomas pueden solaparse con otras condiciones de salud mental o f\u00edsica.<\/p>\n\n\n\n<h3 class=\"wp-block-heading has-large-font-size\">Realidades sobre la salud mental<\/h3>\n\n\n\n<p>A menudo, el estigma social impide que las personas busquen ayuda. Se dice err\u00f3neamente que los trastornos mentales son una elecci\u00f3n o que afectan solo a personas &#8220;d\u00e9biles&#8221;. La realidad es que cualquier individuo, independientemente de su \u00e9xito profesional o estabilidad econ\u00f3mica, puede verse afectado. La gen\u00e9tica, la qu\u00edmica cerebral y las vivencias traum\u00e1ticas son factores que nadie elige.<\/p>\n\n\n\n<p>Aceptar que necesitas apoyo es, de hecho, un acto de gran valent\u00eda y realismo. En la actualidad, el acceso a la informaci\u00f3n permite que la sociedad chilena sea cada vez m\u00e1s consciente de la importancia del bienestar emocional. Entender que los procesos qu\u00edmicos en nuestro cerebro son tan reales como una infecci\u00f3n o una fractura \u00f3sea ayuda a validar el dolor de quien sufre y a buscar las herramientas adecuadas para sanar.<\/p>\n\n\n\n<h2 class=\"wp-block-heading has-x-large-font-size\">Fonasa Mindy: Apoyo especializado para tu bienestar<\/h2>\n\n\n\n<figure class=\"wp-block-image alignwide size-full\"><img loading=\"lazy\" decoding=\"async\" width=\"640\" height=\"360\" src=\"https:\/\/fonasa.mindy.cl\/blog\/wp-content\/uploads\/2026\/01\/pexels-silverkblack-23496450.jpg\" alt=\"la ansiedad es una enfermedad\" class=\"wp-image-1250\"\/><\/figure>\n\n\n\n<p>Si te has sentido identificado con lo expuesto y comprendes que <strong>la ansiedad es una enfermedad<\/strong> tratable, es el momento de tomar acci\u00f3n. En Fonasa Mindy, entendemos las barreras que muchas veces impiden acceder a una salud mental de calidad en Chile, como los altos costos o la falta de disponibilidad de especialistas. Nuestra plataforma est\u00e1 dise\u00f1ada para cerrar esa brecha, ofreciendo atenci\u00f3n psicol\u00f3gica de excelencia con la facilidad de la modalidad online.<\/p>\n\n\n\n<p>A trav\u00e9s de nuestro servicio, puedes acceder a:<\/p>\n\n\n\n<ul>\n<li>Psic\u00f3logos cl\u00ednicos colegiados y con vasta experiencia en el manejo de trastornos de ansiedad y estr\u00e9s.<\/li>\n\n\n\n<li>La posibilidad de utilizar tu previsi\u00f3n Fonasa para que el costo de la sesi\u00f3n sea accesible y justo.<\/li>\n\n\n\n<li>Flexibilidad total de horarios, permiti\u00e9ndote tomar tus sesiones desde la privacidad de tu hogar o lugar de trabajo.<\/li>\n\n\n\n<li>Un entorno seguro y confidencial donde podr\u00e1s hablar abiertamente sobre tus miedos sin ser juzgado.<\/li>\n<\/ul>\n\n\n\n<p>Sabemos que dar el primer paso puede generar nerviosismo, pero contar con un profesional que entienda la ra\u00edz de tu malestar es fundamental para recuperar tu calidad de vida. No tienes por qu\u00e9 transitar este camino en soledad ni esperar a que los s\u00edntomas se vuelvan insoportables para pedir ayuda. Puedes agendar tu sesi\u00f3n con nuestros <a target=\"_blank\" rel=\"noreferrer noopener\" href=\"https:\/\/fonasa.mindy.cl\/psicologos.php#\/\">**Psic\u00f3logos online Fonasa Mindy **<\/a> y comenzar hoy mismo tu proceso de cambio.<\/p>\n\n\n\n<h4 class=\"wp-block-heading has-medium-font-size\">Conoce nuestras opciones en Fonasa Mindy<\/h4>\n\n\n\n<p>En conclusi\u00f3n, reconocer que lo que experimentas tiene un nombre y una explicaci\u00f3n cient\u00edfica es el punto de partida hacia la libertad. La recuperaci\u00f3n es posible cuando se combina el conocimiento adecuado con el acompa\u00f1amiento profesional correcto. Recuerda que cuidar tu mente es tan vital como cuidar tu cuerpo, y que cada peque\u00f1o paso que das hacia tu bienestar es una inversi\u00f3n en tu futuro. No permitas que el miedo dicte las reglas de tu vida por m\u00e1s tiempo. <\/p>\n\n\n\n<p>Si est\u00e1s listo para retomar el control y vivir con mayor paz, te invitamos a conocer m\u00e1s sobre nuestras opciones en <strong><a href=\"https:\/\/fonasa.mindy.cl\/#\/\" target=\"_blank\" rel=\"noreferrer noopener\">Fonasa Mindy<\/a><\/strong> y a explorar todos los recursos que tenemos disponibles para ti en <strong><a href=\"https:\/\/mindy.cl\/\" target=\"_blank\" rel=\"noreferrer noopener\">Mindy<\/a><\/strong>. Estamos aqu\u00ed para apoyarte en cada etapa de tu camino hacia una vida plena.<\/p>\n\n\n\n<p>\u00bfTe gustar\u00eda que te ayudara a profundizar en alguna t\u00e9cnica espec\u00edfica para manejar las crisis de p\u00e1nico o prefieres que busquemos m\u00e1s informaci\u00f3n sobre c\u00f3mo funciona la cobertura de Fonasa para tu primera sesi\u00f3n?<\/p>\n\n\n\n<h2 class=\"wp-block-heading has-x-large-font-size\">Encuentra la terapia para la ansiedad adecuada para ti con este breve test<\/h2>\n\n\n\n<p>No todos los procesos terap\u00e9uticos son iguales. Para recibir la atenci\u00f3n que realmente necesitas, es fundamental evaluar tu estado actual. Te invitamos a completar nuestro <strong>diagn\u00f3stico preliminar de ansiedad<\/strong> para orientar tu b\u00fasqueda de apoyo psicol\u00f3gico de manera efectiva y accesible. <\/p>\n\n\n\n<p>\ud83d\udc49 <a href=\"https:\/\/form.typeform.com\/to\/nF2A9qZT\" target=\"_blank\" rel=\"noreferrer noopener\">Accede al Quiz aqu\u00ed<\/a><\/p>\n","protected":false},"excerpt":{"rendered":"<p>Sentir que el coraz\u00f3n late con una fuerza desproporcionada, que el aire parece no llenar los pulmones o que un pensamiento catastr\u00f3fico se repite en bucle, es una experiencia que millones de personas atraviesan a diario. Es probable que, en medio de esa desesperaci\u00f3n, te hayas preguntado si lo que sientes es solo estr\u00e9s pasajero [&hellip;]<\/p>\n","protected":false},"author":3,"featured_media":1248,"comment_status":"closed","ping_status":"closed","sticky":false,"template":"","format":"standard","meta":{"footnotes":""},"categories":[274],"tags":[],"yoast_head":"<!-- This site is optimized with the Yoast SEO plugin v23.0 - https:\/\/yoast.com\/wordpress\/plugins\/seo\/ -->\n<title>La ansiedad es una enfermedad: Entiende su origen y cura<\/title>\n<meta name=\"description\" content=\"Te preguntas si la ansiedad es una enfermedad? Descubre su origen cient\u00edfico, s\u00edntomas y c\u00f3mo acceder a terapia online con Fonasa en Chile.\" \/>\n<meta name=\"robots\" content=\"index, follow, max-snippet:-1, max-image-preview:large, max-video-preview:-1\" \/>\n<link rel=\"canonical\" href=\"https:\/\/fonasa.mindy.cl\/blog\/la-ansiedad-es-una-enfermedad\/\" \/>\n<meta property=\"og:locale\" content=\"es_ES\" \/>\n<meta property=\"og:type\" content=\"article\" \/>\n<meta property=\"og:title\" content=\"La ansiedad es una enfermedad: Entiende su origen y cura\" \/>\n<meta property=\"og:description\" content=\"Te preguntas si la ansiedad es una enfermedad? Descubre su origen cient\u00edfico, s\u00edntomas y c\u00f3mo acceder a terapia online con Fonasa en Chile.\" \/>\n<meta property=\"og:url\" content=\"https:\/\/fonasa.mindy.cl\/blog\/la-ansiedad-es-una-enfermedad\/\" \/>\n<meta property=\"og:site_name\" content=\"Mindy Fonasa Blog\" \/>\n<meta property=\"article:published_time\" content=\"2026-01-20T16:06:01+00:00\" \/>\n<meta property=\"article:modified_time\" content=\"2026-03-24T19:19:00+00:00\" \/>\n<meta property=\"og:image\" content=\"https:\/\/fonasa.mindy.cl\/blog\/wp-content\/uploads\/2026\/01\/2149277528.jpg\" \/>\n\t<meta property=\"og:image:width\" content=\"1000\" \/>\n\t<meta property=\"og:image:height\" content=\"667\" \/>\n\t<meta property=\"og:image:type\" content=\"image\/jpeg\" \/>\n<meta name=\"author\" content=\"estrategamkd@gmail.com\" \/>\n<meta name=\"twitter:card\" content=\"summary_large_image\" \/>\n<meta name=\"twitter:label1\" content=\"Written by\" \/>\n\t<meta name=\"twitter:data1\" content=\"estrategamkd@gmail.com\" \/>\n\t<meta name=\"twitter:label2\" content=\"Est. reading time\" \/>\n\t<meta name=\"twitter:data2\" content=\"9 minutos\" \/>\n<script type=\"application\/ld+json\" class=\"yoast-schema-graph\">{\"@context\":\"https:\/\/schema.org\",\"@graph\":[{\"@type\":\"Article\",\"@id\":\"https:\/\/fonasa.mindy.cl\/blog\/la-ansiedad-es-una-enfermedad\/#article\",\"isPartOf\":{\"@id\":\"https:\/\/fonasa.mindy.cl\/blog\/la-ansiedad-es-una-enfermedad\/\"},\"author\":{\"name\":\"estrategamkd@gmail.com\",\"@id\":\"https:\/\/fonasa.mindy.cl\/blog\/#\/schema\/person\/fa87761528fa733079f7f77181252f28\"},\"headline\":\"La ansiedad es una enfermedad: Entiende su origen y cura\",\"datePublished\":\"2026-01-20T16:06:01+00:00\",\"dateModified\":\"2026-03-24T19:19:00+00:00\",\"mainEntityOfPage\":{\"@id\":\"https:\/\/fonasa.mindy.cl\/blog\/la-ansiedad-es-una-enfermedad\/\"},\"wordCount\":1899,\"publisher\":{\"@id\":\"https:\/\/fonasa.mindy.cl\/blog\/#organization\"},\"image\":{\"@id\":\"https:\/\/fonasa.mindy.cl\/blog\/la-ansiedad-es-una-enfermedad\/#primaryimage\"},\"thumbnailUrl\":\"https:\/\/fonasa.mindy.cl\/blog\/wp-content\/uploads\/2026\/01\/2149277528.jpg\",\"articleSection\":[\"Ansiedad\"],\"inLanguage\":\"es-CL\"},{\"@type\":\"WebPage\",\"@id\":\"https:\/\/fonasa.mindy.cl\/blog\/la-ansiedad-es-una-enfermedad\/\",\"url\":\"https:\/\/fonasa.mindy.cl\/blog\/la-ansiedad-es-una-enfermedad\/\",\"name\":\"La ansiedad es una enfermedad: Entiende su origen y cura\",\"isPartOf\":{\"@id\":\"https:\/\/fonasa.mindy.cl\/blog\/#website\"},\"primaryImageOfPage\":{\"@id\":\"https:\/\/fonasa.mindy.cl\/blog\/la-ansiedad-es-una-enfermedad\/#primaryimage\"},\"image\":{\"@id\":\"https:\/\/fonasa.mindy.cl\/blog\/la-ansiedad-es-una-enfermedad\/#primaryimage\"},\"thumbnailUrl\":\"https:\/\/fonasa.mindy.cl\/blog\/wp-content\/uploads\/2026\/01\/2149277528.jpg\",\"datePublished\":\"2026-01-20T16:06:01+00:00\",\"dateModified\":\"2026-03-24T19:19:00+00:00\",\"description\":\"Te preguntas si la ansiedad es una enfermedad? Descubre su origen cient\u00edfico, s\u00edntomas y c\u00f3mo acceder a terapia online con Fonasa en Chile.\",\"breadcrumb\":{\"@id\":\"https:\/\/fonasa.mindy.cl\/blog\/la-ansiedad-es-una-enfermedad\/#breadcrumb\"},\"inLanguage\":\"es-CL\",\"potentialAction\":[{\"@type\":\"ReadAction\",\"target\":[\"https:\/\/fonasa.mindy.cl\/blog\/la-ansiedad-es-una-enfermedad\/\"]}]},{\"@type\":\"ImageObject\",\"inLanguage\":\"es-CL\",\"@id\":\"https:\/\/fonasa.mindy.cl\/blog\/la-ansiedad-es-una-enfermedad\/#primaryimage\",\"url\":\"https:\/\/fonasa.mindy.cl\/blog\/wp-content\/uploads\/2026\/01\/2149277528.jpg\",\"contentUrl\":\"https:\/\/fonasa.mindy.cl\/blog\/wp-content\/uploads\/2026\/01\/2149277528.jpg\",\"width\":1000,\"height\":667,\"caption\":\"la ansiedad es una enfermedad\"},{\"@type\":\"BreadcrumbList\",\"@id\":\"https:\/\/fonasa.mindy.cl\/blog\/la-ansiedad-es-una-enfermedad\/#breadcrumb\",\"itemListElement\":[{\"@type\":\"ListItem\",\"position\":1,\"name\":\"Home\",\"item\":\"https:\/\/fonasa.mindy.cl\/blog\/\"},{\"@type\":\"ListItem\",\"position\":2,\"name\":\"La ansiedad es una enfermedad: Entiende su origen y cura\"}]},{\"@type\":\"WebSite\",\"@id\":\"https:\/\/fonasa.mindy.cl\/blog\/#website\",\"url\":\"https:\/\/fonasa.mindy.cl\/blog\/\",\"name\":\"Mindy Fonasa Blog\",\"description\":\"Un blog de salud mental\",\"publisher\":{\"@id\":\"https:\/\/fonasa.mindy.cl\/blog\/#organization\"},\"potentialAction\":[{\"@type\":\"SearchAction\",\"target\":{\"@type\":\"EntryPoint\",\"urlTemplate\":\"https:\/\/fonasa.mindy.cl\/blog\/?s={search_term_string}\"},\"query-input\":\"required name=search_term_string\"}],\"inLanguage\":\"es-CL\"},{\"@type\":\"Organization\",\"@id\":\"https:\/\/fonasa.mindy.cl\/blog\/#organization\",\"name\":\"Mindy Fonasa Blog\",\"url\":\"https:\/\/fonasa.mindy.cl\/blog\/\",\"logo\":{\"@type\":\"ImageObject\",\"inLanguage\":\"es-CL\",\"@id\":\"https:\/\/fonasa.mindy.cl\/blog\/#\/schema\/logo\/image\/\",\"url\":\"https:\/\/fonasa.mindy.cl\/blog\/wp-content\/uploads\/2024\/07\/logo_cuadrado.png\",\"contentUrl\":\"https:\/\/fonasa.mindy.cl\/blog\/wp-content\/uploads\/2024\/07\/logo_cuadrado.png\",\"width\":300,\"height\":300,\"caption\":\"Mindy Fonasa Blog\"},\"image\":{\"@id\":\"https:\/\/fonasa.mindy.cl\/blog\/#\/schema\/logo\/image\/\"}},{\"@type\":\"Person\",\"@id\":\"https:\/\/fonasa.mindy.cl\/blog\/#\/schema\/person\/fa87761528fa733079f7f77181252f28\",\"name\":\"estrategamkd@gmail.com\",\"url\":\"https:\/\/fonasa.mindy.cl\/blog\/author\/estrategamkdgmail-com\/\"}]}<\/script>\n<!-- \/ Yoast SEO plugin. -->","yoast_head_json":{"title":"La ansiedad es una enfermedad: Entiende su origen y cura","description":"Te preguntas si la ansiedad es una enfermedad? Descubre su origen cient\u00edfico, s\u00edntomas y c\u00f3mo acceder a terapia online con Fonasa en Chile.","robots":{"index":"index","follow":"follow","max-snippet":"max-snippet:-1","max-image-preview":"max-image-preview:large","max-video-preview":"max-video-preview:-1"},"canonical":"https:\/\/fonasa.mindy.cl\/blog\/la-ansiedad-es-una-enfermedad\/","og_locale":"es_ES","og_type":"article","og_title":"La ansiedad es una enfermedad: Entiende su origen y cura","og_description":"Te preguntas si la ansiedad es una enfermedad? Descubre su origen cient\u00edfico, s\u00edntomas y c\u00f3mo acceder a terapia online con Fonasa en Chile.","og_url":"https:\/\/fonasa.mindy.cl\/blog\/la-ansiedad-es-una-enfermedad\/","og_site_name":"Mindy Fonasa Blog","article_published_time":"2026-01-20T16:06:01+00:00","article_modified_time":"2026-03-24T19:19:00+00:00","og_image":[{"width":1000,"height":667,"url":"https:\/\/fonasa.mindy.cl\/blog\/wp-content\/uploads\/2026\/01\/2149277528.jpg","type":"image\/jpeg"}],"author":"estrategamkd@gmail.com","twitter_card":"summary_large_image","twitter_misc":{"Written by":"estrategamkd@gmail.com","Est. reading time":"9 minutos"},"schema":{"@context":"https:\/\/schema.org","@graph":[{"@type":"Article","@id":"https:\/\/fonasa.mindy.cl\/blog\/la-ansiedad-es-una-enfermedad\/#article","isPartOf":{"@id":"https:\/\/fonasa.mindy.cl\/blog\/la-ansiedad-es-una-enfermedad\/"},"author":{"name":"estrategamkd@gmail.com","@id":"https:\/\/fonasa.mindy.cl\/blog\/#\/schema\/person\/fa87761528fa733079f7f77181252f28"},"headline":"La ansiedad es una enfermedad: Entiende su origen y cura","datePublished":"2026-01-20T16:06:01+00:00","dateModified":"2026-03-24T19:19:00+00:00","mainEntityOfPage":{"@id":"https:\/\/fonasa.mindy.cl\/blog\/la-ansiedad-es-una-enfermedad\/"},"wordCount":1899,"publisher":{"@id":"https:\/\/fonasa.mindy.cl\/blog\/#organization"},"image":{"@id":"https:\/\/fonasa.mindy.cl\/blog\/la-ansiedad-es-una-enfermedad\/#primaryimage"},"thumbnailUrl":"https:\/\/fonasa.mindy.cl\/blog\/wp-content\/uploads\/2026\/01\/2149277528.jpg","articleSection":["Ansiedad"],"inLanguage":"es-CL"},{"@type":"WebPage","@id":"https:\/\/fonasa.mindy.cl\/blog\/la-ansiedad-es-una-enfermedad\/","url":"https:\/\/fonasa.mindy.cl\/blog\/la-ansiedad-es-una-enfermedad\/","name":"La ansiedad es una enfermedad: Entiende su origen y cura","isPartOf":{"@id":"https:\/\/fonasa.mindy.cl\/blog\/#website"},"primaryImageOfPage":{"@id":"https:\/\/fonasa.mindy.cl\/blog\/la-ansiedad-es-una-enfermedad\/#primaryimage"},"image":{"@id":"https:\/\/fonasa.mindy.cl\/blog\/la-ansiedad-es-una-enfermedad\/#primaryimage"},"thumbnailUrl":"https:\/\/fonasa.mindy.cl\/blog\/wp-content\/uploads\/2026\/01\/2149277528.jpg","datePublished":"2026-01-20T16:06:01+00:00","dateModified":"2026-03-24T19:19:00+00:00","description":"Te preguntas si la ansiedad es una enfermedad? Descubre su origen cient\u00edfico, s\u00edntomas y c\u00f3mo acceder a terapia online con Fonasa en Chile.","breadcrumb":{"@id":"https:\/\/fonasa.mindy.cl\/blog\/la-ansiedad-es-una-enfermedad\/#breadcrumb"},"inLanguage":"es-CL","potentialAction":[{"@type":"ReadAction","target":["https:\/\/fonasa.mindy.cl\/blog\/la-ansiedad-es-una-enfermedad\/"]}]},{"@type":"ImageObject","inLanguage":"es-CL","@id":"https:\/\/fonasa.mindy.cl\/blog\/la-ansiedad-es-una-enfermedad\/#primaryimage","url":"https:\/\/fonasa.mindy.cl\/blog\/wp-content\/uploads\/2026\/01\/2149277528.jpg","contentUrl":"https:\/\/fonasa.mindy.cl\/blog\/wp-content\/uploads\/2026\/01\/2149277528.jpg","width":1000,"height":667,"caption":"la ansiedad es una enfermedad"},{"@type":"BreadcrumbList","@id":"https:\/\/fonasa.mindy.cl\/blog\/la-ansiedad-es-una-enfermedad\/#breadcrumb","itemListElement":[{"@type":"ListItem","position":1,"name":"Home","item":"https:\/\/fonasa.mindy.cl\/blog\/"},{"@type":"ListItem","position":2,"name":"La ansiedad es una enfermedad: Entiende su origen y cura"}]},{"@type":"WebSite","@id":"https:\/\/fonasa.mindy.cl\/blog\/#website","url":"https:\/\/fonasa.mindy.cl\/blog\/","name":"Mindy Fonasa Blog","description":"Un blog de salud mental","publisher":{"@id":"https:\/\/fonasa.mindy.cl\/blog\/#organization"},"potentialAction":[{"@type":"SearchAction","target":{"@type":"EntryPoint","urlTemplate":"https:\/\/fonasa.mindy.cl\/blog\/?s={search_term_string}"},"query-input":"required name=search_term_string"}],"inLanguage":"es-CL"},{"@type":"Organization","@id":"https:\/\/fonasa.mindy.cl\/blog\/#organization","name":"Mindy Fonasa Blog","url":"https:\/\/fonasa.mindy.cl\/blog\/","logo":{"@type":"ImageObject","inLanguage":"es-CL","@id":"https:\/\/fonasa.mindy.cl\/blog\/#\/schema\/logo\/image\/","url":"https:\/\/fonasa.mindy.cl\/blog\/wp-content\/uploads\/2024\/07\/logo_cuadrado.png","contentUrl":"https:\/\/fonasa.mindy.cl\/blog\/wp-content\/uploads\/2024\/07\/logo_cuadrado.png","width":300,"height":300,"caption":"Mindy Fonasa Blog"},"image":{"@id":"https:\/\/fonasa.mindy.cl\/blog\/#\/schema\/logo\/image\/"}},{"@type":"Person","@id":"https:\/\/fonasa.mindy.cl\/blog\/#\/schema\/person\/fa87761528fa733079f7f77181252f28","name":"estrategamkd@gmail.com","url":"https:\/\/fonasa.mindy.cl\/blog\/author\/estrategamkdgmail-com\/"}]}},"_links":{"self":[{"href":"https:\/\/fonasa.mindy.cl\/blog\/wp-json\/wp\/v2\/posts\/1246"}],"collection":[{"href":"https:\/\/fonasa.mindy.cl\/blog\/wp-json\/wp\/v2\/posts"}],"about":[{"href":"https:\/\/fonasa.mindy.cl\/blog\/wp-json\/wp\/v2\/types\/post"}],"author":[{"embeddable":true,"href":"https:\/\/fonasa.mindy.cl\/blog\/wp-json\/wp\/v2\/users\/3"}],"replies":[{"embeddable":true,"href":"https:\/\/fonasa.mindy.cl\/blog\/wp-json\/wp\/v2\/comments?post=1246"}],"version-history":[{"count":7,"href":"https:\/\/fonasa.mindy.cl\/blog\/wp-json\/wp\/v2\/posts\/1246\/revisions"}],"predecessor-version":[{"id":1678,"href":"https:\/\/fonasa.mindy.cl\/blog\/wp-json\/wp\/v2\/posts\/1246\/revisions\/1678"}],"wp:featuredmedia":[{"embeddable":true,"href":"https:\/\/fonasa.mindy.cl\/blog\/wp-json\/wp\/v2\/media\/1248"}],"wp:attachment":[{"href":"https:\/\/fonasa.mindy.cl\/blog\/wp-json\/wp\/v2\/media?parent=1246"}],"wp:term":[{"taxonomy":"category","embeddable":true,"href":"https:\/\/fonasa.mindy.cl\/blog\/wp-json\/wp\/v2\/categories?post=1246"},{"taxonomy":"post_tag","embeddable":true,"href":"https:\/\/fonasa.mindy.cl\/blog\/wp-json\/wp\/v2\/tags?post=1246"}],"curies":[{"name":"wp","href":"https:\/\/api.w.org\/{rel}","templated":true}]}}